{"id":1541,"date":"2025-03-14T11:50:22","date_gmt":"2025-03-14T14:50:22","guid":{"rendered":"https:\/\/brasileradigital.com.br\/?p=1541"},"modified":"2025-04-07T11:42:44","modified_gmt":"2025-04-07T14:42:44","slug":"carnaval-da-bra-bloco-deu-samba-em-bh-com-matteus-amaral-e-dodo-santana-e-a-musa-gabi-martins-na-sapucai","status":"publish","type":"post","link":"https:\/\/brasileradigital.com.br\/index.php\/2025\/03\/14\/carnaval-da-bra-bloco-deu-samba-em-bh-com-matteus-amaral-e-dodo-santana-e-a-musa-gabi-martins-na-sapucai\/","title":{"rendered":"CARNAVAL DA BRA: Bloco Deu Samba em BH com Matteus Amaral e Dodo Santana. E a musa Gabi Martins na Sapuca\u00ed!\u00a0"},"content":{"rendered":"\n<figure class=\"wp-block-image\"><img fetchpriority=\"high\" decoding=\"async\" width=\"1024\" height=\"915\" src=\"https:\/\/brasileradigital.com.br\/wp-content\/uploads\/2025\/03\/Design-sem-nome-13-1024x915-1.png\" alt=\"\" class=\"wp-image-1543\" srcset=\"https:\/\/brasileradigital.com.br\/wp-content\/uploads\/2025\/03\/Design-sem-nome-13-1024x915-1.png 1024w, https:\/\/brasileradigital.com.br\/wp-content\/uploads\/2025\/03\/Design-sem-nome-13-1024x915-1-300x268.png 300w, https:\/\/brasileradigital.com.br\/wp-content\/uploads\/2025\/03\/Design-sem-nome-13-1024x915-1-768x686.png 768w\" sizes=\"(max-width: 1024px) 100vw, 1024px\" \/><\/figure>\n\n\n\n<p class=\"has-black-color has-text-color has-link-color wp-elements-da0edf371859754757b646c8d4fb36ae\">O Carnaval \u00e9 um dos momentos mais esperados do ano, e a Brasilera esteve presente em grande estilo! Seja nos blocos de rua ou na Marqu\u00eas de Sapuca\u00ed, nossos talentos brilharam e mostraram que fazem parte da festa dentro e fora dos holofotes.<br><\/p>\n\n\n\n<h2 class=\"wp-block-heading has-vivid-red-color has-text-color has-link-color wp-elements-88358023008be9ebbd8fbea3ccb383a6\"><strong>Bloco Deu Samba: um sucesso em Belo Horizonte! <\/strong><\/h2>\n\n\n\n<p>No cora\u00e7\u00e3o da folia em Belo Horizonte, o <strong>Bloco Deu Samba<\/strong> levou milhares de foli\u00f5es \u00e0s ruas, com muita m\u00fasica e energia contagiante. A Brasilera teve o orgulho de ser parceira desse grande evento, contribuindo para que ele acontecesse com toda a estrutura necess\u00e1ria para um Carnaval inesquec\u00edvel!<\/p>\n\n\n\n<p>Entre os destaques do bloco, tivemos a presen\u00e7a de <strong>Matteus Amaral e Dodo Santana<\/strong>, que entraram no clima da festa e aproveitaram cada momento ao lado do p\u00fablico. Um verdadeiro encontro de alegria e boas vibra\u00e7\u00f5es!<\/p>\n\n\n\n<h2 class=\"wp-block-heading has-vivid-red-color has-text-color has-link-color wp-elements-8e6030919083076dcdd2152577801418\"><strong>Nos bastidores do evento<\/strong><\/h2>\n\n\n\n<p>Mais do que estar presente, a Brasilera tamb\u00e9m esteve nos bastidores, ajudando a conectar marcas, talentos e p\u00fablico em um dos blocos mais marcantes do Carnaval de BH. Nossa equipe trabalha para transformar grandes eventos em experi\u00eancias inesquec\u00edveis, e o Deu Samba foi mais um exemplo disso.<\/p>\n\n\n\n<h2 class=\"wp-block-heading has-vivid-red-color has-text-color has-link-color wp-elements-89de0be9b50159ce288036131269626c\"><strong>Gabi Martins brilha como musa na Vila Isabel <\/strong><\/h2>\n\n\n\n<p>Enquanto a folia acontecia nas ruas, a Sapuca\u00ed tamb\u00e9m foi palco de um grande momento para a Brasilera. Pelo <strong>quarto ano consecutivo<\/strong>, <strong>Gabi Martins<\/strong> desfilou como musa da Vila Isabel, representando a escola com muita eleg\u00e2ncia, samba no p\u00e9 e energia contagiante.<\/p>\n\n\n\n<p>A cantora mostrou, mais uma vez, que al\u00e9m de brilhar nos palcos, tamb\u00e9m encanta na avenida. Sua presen\u00e7a na Marqu\u00eas de Sapuca\u00ed refor\u00e7a sua conex\u00e3o com o Carnaval e sua paix\u00e3o pela folia.<\/p>\n\n\n\n<h2 class=\"wp-block-heading has-vivid-red-color has-text-color has-link-color wp-elements-a64617e23a360c40f6e8f2712ba7429b\"><strong>E vem muito mais por a\u00ed!<\/strong><\/h2>\n\n\n\n<p>O Carnaval foi s\u00f3 o come\u00e7o! Nossos talentos seguem levando entretenimento e experi\u00eancias \u00fanicas para o p\u00fablico ao longo do ano. Fique de olho, porque a Brasilera j\u00e1 est\u00e1 preparando os pr\u00f3ximos projetos e eventos que v\u00e3o movimentar o cen\u00e1rio do entretenimento.<\/p>\n\n\n\n<p>Mat\u00e9ria escrita por Rairla Rodrigues, Assistente de Marketing Brasilera<br>S\u00e3o Paulo, 14 de mar\u00e7o de 2025<\/p>\n\n\n\n<p><\/p>\n","protected":false},"excerpt":{"rendered":"<p>O Carnaval \u00e9 um dos momentos mais esperados do ano, e a Brasilera esteve presente em grande estilo! Seja nos blocos de rua ou na Marqu\u00eas de Sapuca\u00ed, nossos talentos brilharam e mostraram que fazem parte da festa dentro e fora dos holofotes. Bloco Deu Samba: um sucesso em Belo Horizonte! No cora\u00e7\u00e3o da folia em Belo Horizonte, o Bloco Deu Samba levou milhares de foli\u00f5es \u00e0s ruas, com muita m\u00fasica e energia contagiante. A Brasilera teve o orgulho de ser parceira desse grande evento, contribuindo para que ele acontecesse com toda a estrutura necess\u00e1ria para um Carnaval inesquec\u00edvel! Entre os destaques do bloco, tivemos a presen\u00e7a de Matteus Amaral e Dodo Santana, que entraram no clima da festa e aproveitaram cada momento ao lado do p\u00fablico. Um verdadeiro encontro de alegria e boas vibra\u00e7\u00f5es! Nos bastidores do evento Mais do que estar presente, a Brasilera tamb\u00e9m esteve nos bastidores, ajudando a conectar marcas, talentos e p\u00fablico em um dos blocos mais marcantes do Carnaval de BH. Nossa equipe trabalha para transformar grandes eventos em experi\u00eancias inesquec\u00edveis, e o Deu Samba foi mais um exemplo disso. Gabi Martins brilha como musa na Vila Isabel Enquanto a folia acontecia nas ruas, a Sapuca\u00ed tamb\u00e9m foi palco de um grande momento para a Brasilera. Pelo quarto ano consecutivo, Gabi Martins desfilou como musa da Vila Isabel, representando a escola com muita eleg\u00e2ncia, samba no p\u00e9 e energia contagiante. A cantora mostrou, mais uma vez, que al\u00e9m de brilhar nos palcos, tamb\u00e9m encanta na avenida. Sua presen\u00e7a na Marqu\u00eas de Sapuca\u00ed refor\u00e7a sua conex\u00e3o com o Carnaval e sua paix\u00e3o pela folia. E vem muito mais por a\u00ed! O Carnaval foi s\u00f3 o come\u00e7o! Nossos talentos seguem levando entretenimento e experi\u00eancias \u00fanicas para o p\u00fablico ao longo do ano. Fique de olho, porque a Brasilera j\u00e1 est\u00e1 preparando os pr\u00f3ximos projetos e eventos que v\u00e3o movimentar o cen\u00e1rio do entretenimento. Mat\u00e9ria escrita por Rairla Rodrigues, Assistente de Marketing BrasileraS\u00e3o Paulo, 14 de mar\u00e7o de 2025<\/p>\n","protected":false},"author":1,"featured_media":1543,"comment_status":"open","ping_status":"open","sticky":false,"template":"","format":"standard","meta":{"footnotes":""},"categories":[19],"tags":[13,18,17,15,16,14],"class_list":["post-1541","post","type-post","status-publish","format-standard","has-post-thumbnail","hentry","category-carnaval","tag-carnaval","tag-carnavaldabra","tag-dodosantana","tag-gabimartins","tag-matteusamaral","tag-samba"],"yoast_head":"<!-- This site is optimized with the Yoast SEO plugin v24.7 - https:\/\/yoast.com\/wordpress\/plugins\/seo\/ -->\n<title>CARNAVAL DA BRA: Bloco Deu Samba em BH com Matteus Amaral e Dodo Santana. E a musa Gabi Martins na Sapuca\u00ed!\u00a0 - Brasilera Digital<\/title>\n<meta name=\"robots\" content=\"index, follow, max-snippet:-1, max-image-preview:large, max-video-preview:-1\" \/>\n<link rel=\"canonical\" href=\"https:\/\/brasileradigital.com.br\/index.php\/2025\/03\/14\/carnaval-da-bra-bloco-deu-samba-em-bh-com-matteus-amaral-e-dodo-santana-e-a-musa-gabi-martins-na-sapucai\/\" \/>\n<meta property=\"og:locale\" content=\"pt_BR\" \/>\n<meta property=\"og:type\" content=\"article\" \/>\n<meta property=\"og:title\" content=\"CARNAVAL DA BRA: Bloco Deu Samba em BH com Matteus Amaral e Dodo Santana. E a musa Gabi Martins na Sapuca\u00ed!\u00a0 - Brasilera Digital\" \/>\n<meta property=\"og:description\" content=\"O Carnaval \u00e9 um dos momentos mais esperados do ano, e a Brasilera esteve presente em grande estilo! Seja nos blocos de rua ou na Marqu\u00eas de Sapuca\u00ed, nossos talentos brilharam e mostraram que fazem parte da festa dentro e fora dos holofotes. Bloco Deu Samba: um sucesso em Belo Horizonte! No cora\u00e7\u00e3o da folia em Belo Horizonte, o Bloco Deu Samba levou milhares de foli\u00f5es \u00e0s ruas, com muita m\u00fasica e energia contagiante. A Brasilera teve o orgulho de ser parceira desse grande evento, contribuindo para que ele acontecesse com toda a estrutura necess\u00e1ria para um Carnaval inesquec\u00edvel! Entre os destaques do bloco, tivemos a presen\u00e7a de Matteus Amaral e Dodo Santana, que entraram no clima da festa e aproveitaram cada momento ao lado do p\u00fablico. Um verdadeiro encontro de alegria e boas vibra\u00e7\u00f5es! Nos bastidores do evento Mais do que estar presente, a Brasilera tamb\u00e9m esteve nos bastidores, ajudando a conectar marcas, talentos e p\u00fablico em um dos blocos mais marcantes do Carnaval de BH. Nossa equipe trabalha para transformar grandes eventos em experi\u00eancias inesquec\u00edveis, e o Deu Samba foi mais um exemplo disso. Gabi Martins brilha como musa na Vila Isabel Enquanto a folia acontecia nas ruas, a Sapuca\u00ed tamb\u00e9m foi palco de um grande momento para a Brasilera. Pelo quarto ano consecutivo, Gabi Martins desfilou como musa da Vila Isabel, representando a escola com muita eleg\u00e2ncia, samba no p\u00e9 e energia contagiante. A cantora mostrou, mais uma vez, que al\u00e9m de brilhar nos palcos, tamb\u00e9m encanta na avenida. Sua presen\u00e7a na Marqu\u00eas de Sapuca\u00ed refor\u00e7a sua conex\u00e3o com o Carnaval e sua paix\u00e3o pela folia. E vem muito mais por a\u00ed! O Carnaval foi s\u00f3 o come\u00e7o! Nossos talentos seguem levando entretenimento e experi\u00eancias \u00fanicas para o p\u00fablico ao longo do ano. Fique de olho, porque a Brasilera j\u00e1 est\u00e1 preparando os pr\u00f3ximos projetos e eventos que v\u00e3o movimentar o cen\u00e1rio do entretenimento. Mat\u00e9ria escrita por Rairla Rodrigues, Assistente de Marketing BrasileraS\u00e3o Paulo, 14 de mar\u00e7o de 2025\" \/>\n<meta property=\"og:url\" content=\"https:\/\/brasileradigital.com.br\/index.php\/2025\/03\/14\/carnaval-da-bra-bloco-deu-samba-em-bh-com-matteus-amaral-e-dodo-santana-e-a-musa-gabi-martins-na-sapucai\/\" \/>\n<meta property=\"og:site_name\" content=\"Brasilera Digital\" \/>\n<meta property=\"article:published_time\" content=\"2025-03-14T14:50:22+00:00\" \/>\n<meta property=\"article:modified_time\" content=\"2025-04-07T14:42:44+00:00\" \/>\n<meta property=\"og:image\" content=\"https:\/\/brasileradigital.com.br\/wp-content\/uploads\/2025\/03\/Design-sem-nome-13-1024x915-1.png\" \/>\n\t<meta property=\"og:image:width\" content=\"1024\" \/>\n\t<meta property=\"og:image:height\" content=\"915\" \/>\n\t<meta property=\"og:image:type\" content=\"image\/png\" \/>\n<meta name=\"author\" content=\"ply\" \/>\n<meta name=\"twitter:card\" content=\"summary_large_image\" \/>\n<meta name=\"twitter:label1\" content=\"Escrito por\" \/>\n\t<meta name=\"twitter:data1\" content=\"ply\" \/>\n\t<meta name=\"twitter:label2\" content=\"Est. tempo de leitura\" \/>\n\t<meta name=\"twitter:data2\" content=\"3 minutos\" \/>\n<script type=\"application\/ld+json\" class=\"yoast-schema-graph\">{\"@context\":\"https:\/\/schema.org\",\"@graph\":[{\"@type\":\"WebPage\",\"@id\":\"https:\/\/brasileradigital.com.br\/index.php\/2025\/03\/14\/carnaval-da-bra-bloco-deu-samba-em-bh-com-matteus-amaral-e-dodo-santana-e-a-musa-gabi-martins-na-sapucai\/\",\"url\":\"https:\/\/brasileradigital.com.br\/index.php\/2025\/03\/14\/carnaval-da-bra-bloco-deu-samba-em-bh-com-matteus-amaral-e-dodo-santana-e-a-musa-gabi-martins-na-sapucai\/\",\"name\":\"CARNAVAL DA BRA: Bloco Deu Samba em BH com Matteus Amaral e Dodo Santana. E a musa Gabi Martins na Sapuca\u00ed!\u00a0 - Brasilera Digital\",\"isPartOf\":{\"@id\":\"https:\/\/brasileradigital.com.br\/#website\"},\"primaryImageOfPage\":{\"@id\":\"https:\/\/brasileradigital.com.br\/index.php\/2025\/03\/14\/carnaval-da-bra-bloco-deu-samba-em-bh-com-matteus-amaral-e-dodo-santana-e-a-musa-gabi-martins-na-sapucai\/#primaryimage\"},\"image\":{\"@id\":\"https:\/\/brasileradigital.com.br\/index.php\/2025\/03\/14\/carnaval-da-bra-bloco-deu-samba-em-bh-com-matteus-amaral-e-dodo-santana-e-a-musa-gabi-martins-na-sapucai\/#primaryimage\"},\"thumbnailUrl\":\"https:\/\/brasileradigital.com.br\/wp-content\/uploads\/2025\/03\/Design-sem-nome-13-1024x915-1.png\",\"datePublished\":\"2025-03-14T14:50:22+00:00\",\"dateModified\":\"2025-04-07T14:42:44+00:00\",\"author\":{\"@id\":\"https:\/\/brasileradigital.com.br\/#\/schema\/person\/15253c164598c50d28583ad27b83a155\"},\"breadcrumb\":{\"@id\":\"https:\/\/brasileradigital.com.br\/index.php\/2025\/03\/14\/carnaval-da-bra-bloco-deu-samba-em-bh-com-matteus-amaral-e-dodo-santana-e-a-musa-gabi-martins-na-sapucai\/#breadcrumb\"},\"inLanguage\":\"pt-BR\",\"potentialAction\":[{\"@type\":\"ReadAction\",\"target\":[\"https:\/\/brasileradigital.com.br\/index.php\/2025\/03\/14\/carnaval-da-bra-bloco-deu-samba-em-bh-com-matteus-amaral-e-dodo-santana-e-a-musa-gabi-martins-na-sapucai\/\"]}]},{\"@type\":\"ImageObject\",\"inLanguage\":\"pt-BR\",\"@id\":\"https:\/\/brasileradigital.com.br\/index.php\/2025\/03\/14\/carnaval-da-bra-bloco-deu-samba-em-bh-com-matteus-amaral-e-dodo-santana-e-a-musa-gabi-martins-na-sapucai\/#primaryimage\",\"url\":\"https:\/\/brasileradigital.com.br\/wp-content\/uploads\/2025\/03\/Design-sem-nome-13-1024x915-1.png\",\"contentUrl\":\"https:\/\/brasileradigital.com.br\/wp-content\/uploads\/2025\/03\/Design-sem-nome-13-1024x915-1.png\",\"width\":1024,\"height\":915},{\"@type\":\"BreadcrumbList\",\"@id\":\"https:\/\/brasileradigital.com.br\/index.php\/2025\/03\/14\/carnaval-da-bra-bloco-deu-samba-em-bh-com-matteus-amaral-e-dodo-santana-e-a-musa-gabi-martins-na-sapucai\/#breadcrumb\",\"itemListElement\":[{\"@type\":\"ListItem\",\"position\":1,\"name\":\"In\u00edcio\",\"item\":\"https:\/\/brasileradigital.com.br\/\"},{\"@type\":\"ListItem\",\"position\":2,\"name\":\"CARNAVAL DA BRA: Bloco Deu Samba em BH com Matteus Amaral e Dodo Santana. E a musa Gabi Martins na Sapuca\u00ed!\u00a0\"}]},{\"@type\":\"WebSite\",\"@id\":\"https:\/\/brasileradigital.com.br\/#website\",\"url\":\"https:\/\/brasileradigital.com.br\/\",\"name\":\"Brasilera Digital\",\"description\":\"\",\"alternateName\":\"Brasilera Digital\",\"potentialAction\":[{\"@type\":\"SearchAction\",\"target\":{\"@type\":\"EntryPoint\",\"urlTemplate\":\"https:\/\/brasileradigital.com.br\/?s={search_term_string}\"},\"query-input\":{\"@type\":\"PropertyValueSpecification\",\"valueRequired\":true,\"valueName\":\"search_term_string\"}}],\"inLanguage\":\"pt-BR\"},{\"@type\":\"Person\",\"@id\":\"https:\/\/brasileradigital.com.br\/#\/schema\/person\/15253c164598c50d28583ad27b83a155\",\"name\":\"ply\",\"image\":{\"@type\":\"ImageObject\",\"inLanguage\":\"pt-BR\",\"@id\":\"https:\/\/brasileradigital.com.br\/#\/schema\/person\/image\/\",\"url\":\"https:\/\/secure.gravatar.com\/avatar\/53e1a40cf3918092a73d3be8e976f1f3?s=96&d=mm&r=g\",\"contentUrl\":\"https:\/\/secure.gravatar.com\/avatar\/53e1a40cf3918092a73d3be8e976f1f3?s=96&d=mm&r=g\",\"caption\":\"ply\"},\"sameAs\":[\"https:\/\/brasileradigital.com.br\"],\"url\":\"https:\/\/brasileradigital.com.br\/index.php\/author\/ply\/\"}]}<\/script>\n<!-- \/ Yoast SEO plugin. -->","yoast_head_json":{"title":"CARNAVAL DA BRA: Bloco Deu Samba em BH com Matteus Amaral e Dodo Santana. E a musa Gabi Martins na Sapuca\u00ed!\u00a0 - Brasilera Digital","robots":{"index":"index","follow":"follow","max-snippet":"max-snippet:-1","max-image-preview":"max-image-preview:large","max-video-preview":"max-video-preview:-1"},"canonical":"https:\/\/brasileradigital.com.br\/index.php\/2025\/03\/14\/carnaval-da-bra-bloco-deu-samba-em-bh-com-matteus-amaral-e-dodo-santana-e-a-musa-gabi-martins-na-sapucai\/","og_locale":"pt_BR","og_type":"article","og_title":"CARNAVAL DA BRA: Bloco Deu Samba em BH com Matteus Amaral e Dodo Santana. E a musa Gabi Martins na Sapuca\u00ed!\u00a0 - Brasilera Digital","og_description":"O Carnaval \u00e9 um dos momentos mais esperados do ano, e a Brasilera esteve presente em grande estilo! Seja nos blocos de rua ou na Marqu\u00eas de Sapuca\u00ed, nossos talentos brilharam e mostraram que fazem parte da festa dentro e fora dos holofotes. Bloco Deu Samba: um sucesso em Belo Horizonte! No cora\u00e7\u00e3o da folia em Belo Horizonte, o Bloco Deu Samba levou milhares de foli\u00f5es \u00e0s ruas, com muita m\u00fasica e energia contagiante. A Brasilera teve o orgulho de ser parceira desse grande evento, contribuindo para que ele acontecesse com toda a estrutura necess\u00e1ria para um Carnaval inesquec\u00edvel! Entre os destaques do bloco, tivemos a presen\u00e7a de Matteus Amaral e Dodo Santana, que entraram no clima da festa e aproveitaram cada momento ao lado do p\u00fablico. Um verdadeiro encontro de alegria e boas vibra\u00e7\u00f5es! Nos bastidores do evento Mais do que estar presente, a Brasilera tamb\u00e9m esteve nos bastidores, ajudando a conectar marcas, talentos e p\u00fablico em um dos blocos mais marcantes do Carnaval de BH. Nossa equipe trabalha para transformar grandes eventos em experi\u00eancias inesquec\u00edveis, e o Deu Samba foi mais um exemplo disso. Gabi Martins brilha como musa na Vila Isabel Enquanto a folia acontecia nas ruas, a Sapuca\u00ed tamb\u00e9m foi palco de um grande momento para a Brasilera. Pelo quarto ano consecutivo, Gabi Martins desfilou como musa da Vila Isabel, representando a escola com muita eleg\u00e2ncia, samba no p\u00e9 e energia contagiante. A cantora mostrou, mais uma vez, que al\u00e9m de brilhar nos palcos, tamb\u00e9m encanta na avenida. Sua presen\u00e7a na Marqu\u00eas de Sapuca\u00ed refor\u00e7a sua conex\u00e3o com o Carnaval e sua paix\u00e3o pela folia. E vem muito mais por a\u00ed! O Carnaval foi s\u00f3 o come\u00e7o! Nossos talentos seguem levando entretenimento e experi\u00eancias \u00fanicas para o p\u00fablico ao longo do ano. Fique de olho, porque a Brasilera j\u00e1 est\u00e1 preparando os pr\u00f3ximos projetos e eventos que v\u00e3o movimentar o cen\u00e1rio do entretenimento. Mat\u00e9ria escrita por Rairla Rodrigues, Assistente de Marketing BrasileraS\u00e3o Paulo, 14 de mar\u00e7o de 2025","og_url":"https:\/\/brasileradigital.com.br\/index.php\/2025\/03\/14\/carnaval-da-bra-bloco-deu-samba-em-bh-com-matteus-amaral-e-dodo-santana-e-a-musa-gabi-martins-na-sapucai\/","og_site_name":"Brasilera Digital","article_published_time":"2025-03-14T14:50:22+00:00","article_modified_time":"2025-04-07T14:42:44+00:00","og_image":[{"width":1024,"height":915,"url":"https:\/\/brasileradigital.com.br\/wp-content\/uploads\/2025\/03\/Design-sem-nome-13-1024x915-1.png","type":"image\/png"}],"author":"ply","twitter_card":"summary_large_image","twitter_misc":{"Escrito por":"ply","Est. tempo de leitura":"3 minutos"},"schema":{"@context":"https:\/\/schema.org","@graph":[{"@type":"WebPage","@id":"https:\/\/brasileradigital.com.br\/index.php\/2025\/03\/14\/carnaval-da-bra-bloco-deu-samba-em-bh-com-matteus-amaral-e-dodo-santana-e-a-musa-gabi-martins-na-sapucai\/","url":"https:\/\/brasileradigital.com.br\/index.php\/2025\/03\/14\/carnaval-da-bra-bloco-deu-samba-em-bh-com-matteus-amaral-e-dodo-santana-e-a-musa-gabi-martins-na-sapucai\/","name":"CARNAVAL DA BRA: Bloco Deu Samba em BH com Matteus Amaral e Dodo Santana. E a musa Gabi Martins na Sapuca\u00ed!\u00a0 - Brasilera Digital","isPartOf":{"@id":"https:\/\/brasileradigital.com.br\/#website"},"primaryImageOfPage":{"@id":"https:\/\/brasileradigital.com.br\/index.php\/2025\/03\/14\/carnaval-da-bra-bloco-deu-samba-em-bh-com-matteus-amaral-e-dodo-santana-e-a-musa-gabi-martins-na-sapucai\/#primaryimage"},"image":{"@id":"https:\/\/brasileradigital.com.br\/index.php\/2025\/03\/14\/carnaval-da-bra-bloco-deu-samba-em-bh-com-matteus-amaral-e-dodo-santana-e-a-musa-gabi-martins-na-sapucai\/#primaryimage"},"thumbnailUrl":"https:\/\/brasileradigital.com.br\/wp-content\/uploads\/2025\/03\/Design-sem-nome-13-1024x915-1.png","datePublished":"2025-03-14T14:50:22+00:00","dateModified":"2025-04-07T14:42:44+00:00","author":{"@id":"https:\/\/brasileradigital.com.br\/#\/schema\/person\/15253c164598c50d28583ad27b83a155"},"breadcrumb":{"@id":"https:\/\/brasileradigital.com.br\/index.php\/2025\/03\/14\/carnaval-da-bra-bloco-deu-samba-em-bh-com-matteus-amaral-e-dodo-santana-e-a-musa-gabi-martins-na-sapucai\/#breadcrumb"},"inLanguage":"pt-BR","potentialAction":[{"@type":"ReadAction","target":["https:\/\/brasileradigital.com.br\/index.php\/2025\/03\/14\/carnaval-da-bra-bloco-deu-samba-em-bh-com-matteus-amaral-e-dodo-santana-e-a-musa-gabi-martins-na-sapucai\/"]}]},{"@type":"ImageObject","inLanguage":"pt-BR","@id":"https:\/\/brasileradigital.com.br\/index.php\/2025\/03\/14\/carnaval-da-bra-bloco-deu-samba-em-bh-com-matteus-amaral-e-dodo-santana-e-a-musa-gabi-martins-na-sapucai\/#primaryimage","url":"https:\/\/brasileradigital.com.br\/wp-content\/uploads\/2025\/03\/Design-sem-nome-13-1024x915-1.png","contentUrl":"https:\/\/brasileradigital.com.br\/wp-content\/uploads\/2025\/03\/Design-sem-nome-13-1024x915-1.png","width":1024,"height":915},{"@type":"BreadcrumbList","@id":"https:\/\/brasileradigital.com.br\/index.php\/2025\/03\/14\/carnaval-da-bra-bloco-deu-samba-em-bh-com-matteus-amaral-e-dodo-santana-e-a-musa-gabi-martins-na-sapucai\/#breadcrumb","itemListElement":[{"@type":"ListItem","position":1,"name":"In\u00edcio","item":"https:\/\/brasileradigital.com.br\/"},{"@type":"ListItem","position":2,"name":"CARNAVAL DA BRA: Bloco Deu Samba em BH com Matteus Amaral e Dodo Santana. E a musa Gabi Martins na Sapuca\u00ed!\u00a0"}]},{"@type":"WebSite","@id":"https:\/\/brasileradigital.com.br\/#website","url":"https:\/\/brasileradigital.com.br\/","name":"Brasilera Digital","description":"","alternateName":"Brasilera Digital","potentialAction":[{"@type":"SearchAction","target":{"@type":"EntryPoint","urlTemplate":"https:\/\/brasileradigital.com.br\/?s={search_term_string}"},"query-input":{"@type":"PropertyValueSpecification","valueRequired":true,"valueName":"search_term_string"}}],"inLanguage":"pt-BR"},{"@type":"Person","@id":"https:\/\/brasileradigital.com.br\/#\/schema\/person\/15253c164598c50d28583ad27b83a155","name":"ply","image":{"@type":"ImageObject","inLanguage":"pt-BR","@id":"https:\/\/brasileradigital.com.br\/#\/schema\/person\/image\/","url":"https:\/\/secure.gravatar.com\/avatar\/53e1a40cf3918092a73d3be8e976f1f3?s=96&d=mm&r=g","contentUrl":"https:\/\/secure.gravatar.com\/avatar\/53e1a40cf3918092a73d3be8e976f1f3?s=96&d=mm&r=g","caption":"ply"},"sameAs":["https:\/\/brasileradigital.com.br"],"url":"https:\/\/brasileradigital.com.br\/index.php\/author\/ply\/"}]}},"_links":{"self":[{"href":"https:\/\/brasileradigital.com.br\/index.php\/wp-json\/wp\/v2\/posts\/1541","targetHints":{"allow":["GET"]}}],"collection":[{"href":"https:\/\/brasileradigital.com.br\/index.php\/wp-json\/wp\/v2\/posts"}],"about":[{"href":"https:\/\/brasileradigital.com.br\/index.php\/wp-json\/wp\/v2\/types\/post"}],"author":[{"embeddable":true,"href":"https:\/\/brasileradigital.com.br\/index.php\/wp-json\/wp\/v2\/users\/1"}],"replies":[{"embeddable":true,"href":"https:\/\/brasileradigital.com.br\/index.php\/wp-json\/wp\/v2\/comments?post=1541"}],"version-history":[{"count":1,"href":"https:\/\/brasileradigital.com.br\/index.php\/wp-json\/wp\/v2\/posts\/1541\/revisions"}],"predecessor-version":[{"id":1544,"href":"https:\/\/brasileradigital.com.br\/index.php\/wp-json\/wp\/v2\/posts\/1541\/revisions\/1544"}],"wp:featuredmedia":[{"embeddable":true,"href":"https:\/\/brasileradigital.com.br\/index.php\/wp-json\/wp\/v2\/media\/1543"}],"wp:attachment":[{"href":"https:\/\/brasileradigital.com.br\/index.php\/wp-json\/wp\/v2\/media?parent=1541"}],"wp:term":[{"taxonomy":"category","embeddable":true,"href":"https:\/\/brasileradigital.com.br\/index.php\/wp-json\/wp\/v2\/categories?post=1541"},{"taxonomy":"post_tag","embeddable":true,"href":"https:\/\/brasileradigital.com.br\/index.php\/wp-json\/wp\/v2\/tags?post=1541"}],"curies":[{"name":"wp","href":"https:\/\/api.w.org\/{rel}","templated":true}]}}