{"id":1603,"date":"2025-03-19T16:42:17","date_gmt":"2025-03-19T19:42:17","guid":{"rendered":"https:\/\/brasileradigital.com.br\/?p=1603"},"modified":"2025-03-19T18:03:08","modified_gmt":"2025-03-19T21:03:08","slug":"eita-lucas-novo-horario","status":"publish","type":"post","link":"https:\/\/brasileradigital.com.br\/index.php\/2025\/03\/19\/eita-lucas-novo-horario\/","title":{"rendered":"EITA, LUCAS! NOVO HOR\u00c1RIO!"},"content":{"rendered":"\n<p class=\"has-vivid-red-color has-text-color has-link-color wp-elements-c9365267f914bd71ea50e5e539e3962b\"><\/p>\n\n\n\n<p class=\"has-black-color has-text-color has-link-color wp-elements-352a34cae5e1809522e487a5a925669f\"><img decoding=\"async\" width=\"150\" height=\"188\" class=\"wp-image-1604\" style=\"width: 150px;\" src=\"https:\/\/brasileradigital.com.br\/wp-content\/uploads\/2025\/03\/POST-MUDANCA-DE-HORARIO.png\" alt=\"\" srcset=\"https:\/\/brasileradigital.com.br\/wp-content\/uploads\/2025\/03\/POST-MUDANCA-DE-HORARIO.png 1080w, https:\/\/brasileradigital.com.br\/wp-content\/uploads\/2025\/03\/POST-MUDANCA-DE-HORARIO-240x300.png 240w, https:\/\/brasileradigital.com.br\/wp-content\/uploads\/2025\/03\/POST-MUDANCA-DE-HORARIO-819x1024.png 819w, https:\/\/brasileradigital.com.br\/wp-content\/uploads\/2025\/03\/POST-MUDANCA-DE-HORARIO-768x960.png 768w\" sizes=\"(max-width: 150px) 100vw, 150px\" \/><\/p>\n\n\n\n<p>Aten\u00e7\u00e3o, f\u00e3s do <em>Eita, Lucas!<\/em>: temos uma super novidade para voc\u00eas! A partir de agora, o programa estar\u00e1 em novo hor\u00e1rio, todo <strong>s\u00e1bado, \u00e0s 15:30<\/strong>, no <strong>SBT<\/strong>. A mudan\u00e7a promete trazer mais divers\u00e3o e risadas para o seu fim de semana! Prepare-se para se divertir ainda mais com as aventuras e as surpresas que o Lucas tem a apresentar para o seu fiel p\u00fablico.<\/p>\n\n\n\n<p>Fique ligado e n\u00e3o perca! A divers\u00e3o est\u00e1 garantida no <em>Eita, Lucas!<\/em>, agora no s\u00e1bado, s\u00f3 no SBT!<\/p>\n\n\n\n<p>#EitaLucas #NovoHor\u00e1rio #SBT #S\u00e1badoDivertido #ProgramaDeSucesso<\/p>\n\n\n\n<p><\/p>\n","protected":false},"excerpt":{"rendered":"<p>Aten\u00e7\u00e3o, f\u00e3s do Eita, Lucas!: temos uma super novidade para voc\u00eas! A partir de agora, o programa estar\u00e1 em novo hor\u00e1rio, todo s\u00e1bado, \u00e0s 15:30, no SBT. A mudan\u00e7a promete trazer mais divers\u00e3o e risadas para o seu fim de semana! Prepare-se para se divertir ainda mais com as aventuras e as surpresas que o Lucas tem a apresentar para o seu fiel p\u00fablico. Fique ligado e n\u00e3o perca! A divers\u00e3o est\u00e1 garantida no Eita, Lucas!, agora no s\u00e1bado, s\u00f3 no SBT! #EitaLucas #NovoHor\u00e1rio #SBT #S\u00e1badoDivertido #ProgramaDeSucesso<\/p>\n","protected":false},"author":1,"featured_media":1604,"comment_status":"open","ping_status":"open","sticky":false,"template":"","format":"standard","meta":{"footnotes":""},"categories":[1],"tags":[],"class_list":["post-1603","post","type-post","status-publish","format-standard","has-post-thumbnail","hentry","category-sem-categoria"],"yoast_head":"<!-- This site is optimized with the Yoast SEO plugin v24.7 - https:\/\/yoast.com\/wordpress\/plugins\/seo\/ -->\n<title>EITA, LUCAS! NOVO HOR\u00c1RIO! - Brasilera Digital<\/title>\n<meta name=\"robots\" content=\"index, follow, max-snippet:-1, max-image-preview:large, max-video-preview:-1\" \/>\n<link rel=\"canonical\" href=\"https:\/\/brasileradigital.com.br\/index.php\/2025\/03\/19\/eita-lucas-novo-horario\/\" \/>\n<meta property=\"og:locale\" content=\"pt_BR\" \/>\n<meta property=\"og:type\" content=\"article\" \/>\n<meta property=\"og:title\" content=\"EITA, LUCAS! NOVO HOR\u00c1RIO! - Brasilera Digital\" \/>\n<meta property=\"og:description\" content=\"Aten\u00e7\u00e3o, f\u00e3s do Eita, Lucas!: temos uma super novidade para voc\u00eas! A partir de agora, o programa estar\u00e1 em novo hor\u00e1rio, todo s\u00e1bado, \u00e0s 15:30, no SBT. A mudan\u00e7a promete trazer mais divers\u00e3o e risadas para o seu fim de semana! Prepare-se para se divertir ainda mais com as aventuras e as surpresas que o Lucas tem a apresentar para o seu fiel p\u00fablico. Fique ligado e n\u00e3o perca! A divers\u00e3o est\u00e1 garantida no Eita, Lucas!, agora no s\u00e1bado, s\u00f3 no SBT! #EitaLucas #NovoHor\u00e1rio #SBT #S\u00e1badoDivertido #ProgramaDeSucesso\" \/>\n<meta property=\"og:url\" content=\"https:\/\/brasileradigital.com.br\/index.php\/2025\/03\/19\/eita-lucas-novo-horario\/\" \/>\n<meta property=\"og:site_name\" content=\"Brasilera Digital\" \/>\n<meta property=\"article:published_time\" content=\"2025-03-19T19:42:17+00:00\" \/>\n<meta property=\"article:modified_time\" content=\"2025-03-19T21:03:08+00:00\" \/>\n<meta property=\"og:image\" content=\"https:\/\/brasileradigital.com.br\/wp-content\/uploads\/2025\/03\/POST-MUDANCA-DE-HORARIO.png\" \/>\n\t<meta property=\"og:image:width\" content=\"1080\" \/>\n\t<meta property=\"og:image:height\" content=\"1350\" \/>\n\t<meta property=\"og:image:type\" content=\"image\/png\" \/>\n<meta name=\"author\" content=\"ply\" \/>\n<meta name=\"twitter:card\" content=\"summary_large_image\" \/>\n<meta name=\"twitter:label1\" content=\"Escrito por\" \/>\n\t<meta name=\"twitter:data1\" content=\"ply\" \/>\n<script type=\"application\/ld+json\" class=\"yoast-schema-graph\">{\"@context\":\"https:\/\/schema.org\",\"@graph\":[{\"@type\":\"WebPage\",\"@id\":\"https:\/\/brasileradigital.com.br\/index.php\/2025\/03\/19\/eita-lucas-novo-horario\/\",\"url\":\"https:\/\/brasileradigital.com.br\/index.php\/2025\/03\/19\/eita-lucas-novo-horario\/\",\"name\":\"EITA, LUCAS! NOVO HOR\u00c1RIO! - Brasilera Digital\",\"isPartOf\":{\"@id\":\"https:\/\/brasileradigital.com.br\/#website\"},\"primaryImageOfPage\":{\"@id\":\"https:\/\/brasileradigital.com.br\/index.php\/2025\/03\/19\/eita-lucas-novo-horario\/#primaryimage\"},\"image\":{\"@id\":\"https:\/\/brasileradigital.com.br\/index.php\/2025\/03\/19\/eita-lucas-novo-horario\/#primaryimage\"},\"thumbnailUrl\":\"https:\/\/brasileradigital.com.br\/wp-content\/uploads\/2025\/03\/POST-MUDANCA-DE-HORARIO.png\",\"datePublished\":\"2025-03-19T19:42:17+00:00\",\"dateModified\":\"2025-03-19T21:03:08+00:00\",\"author\":{\"@id\":\"https:\/\/brasileradigital.com.br\/#\/schema\/person\/15253c164598c50d28583ad27b83a155\"},\"breadcrumb\":{\"@id\":\"https:\/\/brasileradigital.com.br\/index.php\/2025\/03\/19\/eita-lucas-novo-horario\/#breadcrumb\"},\"inLanguage\":\"pt-BR\",\"potentialAction\":[{\"@type\":\"ReadAction\",\"target\":[\"https:\/\/brasileradigital.com.br\/index.php\/2025\/03\/19\/eita-lucas-novo-horario\/\"]}]},{\"@type\":\"ImageObject\",\"inLanguage\":\"pt-BR\",\"@id\":\"https:\/\/brasileradigital.com.br\/index.php\/2025\/03\/19\/eita-lucas-novo-horario\/#primaryimage\",\"url\":\"https:\/\/brasileradigital.com.br\/wp-content\/uploads\/2025\/03\/POST-MUDANCA-DE-HORARIO.png\",\"contentUrl\":\"https:\/\/brasileradigital.com.br\/wp-content\/uploads\/2025\/03\/POST-MUDANCA-DE-HORARIO.png\",\"width\":1080,\"height\":1350},{\"@type\":\"BreadcrumbList\",\"@id\":\"https:\/\/brasileradigital.com.br\/index.php\/2025\/03\/19\/eita-lucas-novo-horario\/#breadcrumb\",\"itemListElement\":[{\"@type\":\"ListItem\",\"position\":1,\"name\":\"In\u00edcio\",\"item\":\"https:\/\/brasileradigital.com.br\/\"},{\"@type\":\"ListItem\",\"position\":2,\"name\":\"EITA, LUCAS! NOVO HOR\u00c1RIO!\"}]},{\"@type\":\"WebSite\",\"@id\":\"https:\/\/brasileradigital.com.br\/#website\",\"url\":\"https:\/\/brasileradigital.com.br\/\",\"name\":\"Brasilera Digital\",\"description\":\"\",\"alternateName\":\"Brasilera Digital\",\"potentialAction\":[{\"@type\":\"SearchAction\",\"target\":{\"@type\":\"EntryPoint\",\"urlTemplate\":\"https:\/\/brasileradigital.com.br\/?s={search_term_string}\"},\"query-input\":{\"@type\":\"PropertyValueSpecification\",\"valueRequired\":true,\"valueName\":\"search_term_string\"}}],\"inLanguage\":\"pt-BR\"},{\"@type\":\"Person\",\"@id\":\"https:\/\/brasileradigital.com.br\/#\/schema\/person\/15253c164598c50d28583ad27b83a155\",\"name\":\"ply\",\"image\":{\"@type\":\"ImageObject\",\"inLanguage\":\"pt-BR\",\"@id\":\"https:\/\/brasileradigital.com.br\/#\/schema\/person\/image\/\",\"url\":\"https:\/\/secure.gravatar.com\/avatar\/53e1a40cf3918092a73d3be8e976f1f3?s=96&d=mm&r=g\",\"contentUrl\":\"https:\/\/secure.gravatar.com\/avatar\/53e1a40cf3918092a73d3be8e976f1f3?s=96&d=mm&r=g\",\"caption\":\"ply\"},\"sameAs\":[\"https:\/\/brasileradigital.com.br\"],\"url\":\"https:\/\/brasileradigital.com.br\/index.php\/author\/ply\/\"}]}<\/script>\n<!-- \/ Yoast SEO plugin. -->","yoast_head_json":{"title":"EITA, LUCAS! NOVO HOR\u00c1RIO! - Brasilera Digital","robots":{"index":"index","follow":"follow","max-snippet":"max-snippet:-1","max-image-preview":"max-image-preview:large","max-video-preview":"max-video-preview:-1"},"canonical":"https:\/\/brasileradigital.com.br\/index.php\/2025\/03\/19\/eita-lucas-novo-horario\/","og_locale":"pt_BR","og_type":"article","og_title":"EITA, LUCAS! NOVO HOR\u00c1RIO! - Brasilera Digital","og_description":"Aten\u00e7\u00e3o, f\u00e3s do Eita, Lucas!: temos uma super novidade para voc\u00eas! A partir de agora, o programa estar\u00e1 em novo hor\u00e1rio, todo s\u00e1bado, \u00e0s 15:30, no SBT. A mudan\u00e7a promete trazer mais divers\u00e3o e risadas para o seu fim de semana! Prepare-se para se divertir ainda mais com as aventuras e as surpresas que o Lucas tem a apresentar para o seu fiel p\u00fablico. Fique ligado e n\u00e3o perca! A divers\u00e3o est\u00e1 garantida no Eita, Lucas!, agora no s\u00e1bado, s\u00f3 no SBT! #EitaLucas #NovoHor\u00e1rio #SBT #S\u00e1badoDivertido #ProgramaDeSucesso","og_url":"https:\/\/brasileradigital.com.br\/index.php\/2025\/03\/19\/eita-lucas-novo-horario\/","og_site_name":"Brasilera Digital","article_published_time":"2025-03-19T19:42:17+00:00","article_modified_time":"2025-03-19T21:03:08+00:00","og_image":[{"width":1080,"height":1350,"url":"https:\/\/brasileradigital.com.br\/wp-content\/uploads\/2025\/03\/POST-MUDANCA-DE-HORARIO.png","type":"image\/png"}],"author":"ply","twitter_card":"summary_large_image","twitter_misc":{"Escrito por":"ply"},"schema":{"@context":"https:\/\/schema.org","@graph":[{"@type":"WebPage","@id":"https:\/\/brasileradigital.com.br\/index.php\/2025\/03\/19\/eita-lucas-novo-horario\/","url":"https:\/\/brasileradigital.com.br\/index.php\/2025\/03\/19\/eita-lucas-novo-horario\/","name":"EITA, LUCAS! NOVO HOR\u00c1RIO! - Brasilera Digital","isPartOf":{"@id":"https:\/\/brasileradigital.com.br\/#website"},"primaryImageOfPage":{"@id":"https:\/\/brasileradigital.com.br\/index.php\/2025\/03\/19\/eita-lucas-novo-horario\/#primaryimage"},"image":{"@id":"https:\/\/brasileradigital.com.br\/index.php\/2025\/03\/19\/eita-lucas-novo-horario\/#primaryimage"},"thumbnailUrl":"https:\/\/brasileradigital.com.br\/wp-content\/uploads\/2025\/03\/POST-MUDANCA-DE-HORARIO.png","datePublished":"2025-03-19T19:42:17+00:00","dateModified":"2025-03-19T21:03:08+00:00","author":{"@id":"https:\/\/brasileradigital.com.br\/#\/schema\/person\/15253c164598c50d28583ad27b83a155"},"breadcrumb":{"@id":"https:\/\/brasileradigital.com.br\/index.php\/2025\/03\/19\/eita-lucas-novo-horario\/#breadcrumb"},"inLanguage":"pt-BR","potentialAction":[{"@type":"ReadAction","target":["https:\/\/brasileradigital.com.br\/index.php\/2025\/03\/19\/eita-lucas-novo-horario\/"]}]},{"@type":"ImageObject","inLanguage":"pt-BR","@id":"https:\/\/brasileradigital.com.br\/index.php\/2025\/03\/19\/eita-lucas-novo-horario\/#primaryimage","url":"https:\/\/brasileradigital.com.br\/wp-content\/uploads\/2025\/03\/POST-MUDANCA-DE-HORARIO.png","contentUrl":"https:\/\/brasileradigital.com.br\/wp-content\/uploads\/2025\/03\/POST-MUDANCA-DE-HORARIO.png","width":1080,"height":1350},{"@type":"BreadcrumbList","@id":"https:\/\/brasileradigital.com.br\/index.php\/2025\/03\/19\/eita-lucas-novo-horario\/#breadcrumb","itemListElement":[{"@type":"ListItem","position":1,"name":"In\u00edcio","item":"https:\/\/brasileradigital.com.br\/"},{"@type":"ListItem","position":2,"name":"EITA, LUCAS! NOVO HOR\u00c1RIO!"}]},{"@type":"WebSite","@id":"https:\/\/brasileradigital.com.br\/#website","url":"https:\/\/brasileradigital.com.br\/","name":"Brasilera Digital","description":"","alternateName":"Brasilera Digital","potentialAction":[{"@type":"SearchAction","target":{"@type":"EntryPoint","urlTemplate":"https:\/\/brasileradigital.com.br\/?s={search_term_string}"},"query-input":{"@type":"PropertyValueSpecification","valueRequired":true,"valueName":"search_term_string"}}],"inLanguage":"pt-BR"},{"@type":"Person","@id":"https:\/\/brasileradigital.com.br\/#\/schema\/person\/15253c164598c50d28583ad27b83a155","name":"ply","image":{"@type":"ImageObject","inLanguage":"pt-BR","@id":"https:\/\/brasileradigital.com.br\/#\/schema\/person\/image\/","url":"https:\/\/secure.gravatar.com\/avatar\/53e1a40cf3918092a73d3be8e976f1f3?s=96&d=mm&r=g","contentUrl":"https:\/\/secure.gravatar.com\/avatar\/53e1a40cf3918092a73d3be8e976f1f3?s=96&d=mm&r=g","caption":"ply"},"sameAs":["https:\/\/brasileradigital.com.br"],"url":"https:\/\/brasileradigital.com.br\/index.php\/author\/ply\/"}]}},"_links":{"self":[{"href":"https:\/\/brasileradigital.com.br\/index.php\/wp-json\/wp\/v2\/posts\/1603","targetHints":{"allow":["GET"]}}],"collection":[{"href":"https:\/\/brasileradigital.com.br\/index.php\/wp-json\/wp\/v2\/posts"}],"about":[{"href":"https:\/\/brasileradigital.com.br\/index.php\/wp-json\/wp\/v2\/types\/post"}],"author":[{"embeddable":true,"href":"https:\/\/brasileradigital.com.br\/index.php\/wp-json\/wp\/v2\/users\/1"}],"replies":[{"embeddable":true,"href":"https:\/\/brasileradigital.com.br\/index.php\/wp-json\/wp\/v2\/comments?post=1603"}],"version-history":[{"count":1,"href":"https:\/\/brasileradigital.com.br\/index.php\/wp-json\/wp\/v2\/posts\/1603\/revisions"}],"predecessor-version":[{"id":1605,"href":"https:\/\/brasileradigital.com.br\/index.php\/wp-json\/wp\/v2\/posts\/1603\/revisions\/1605"}],"wp:featuredmedia":[{"embeddable":true,"href":"https:\/\/brasileradigital.com.br\/index.php\/wp-json\/wp\/v2\/media\/1604"}],"wp:attachment":[{"href":"https:\/\/brasileradigital.com.br\/index.php\/wp-json\/wp\/v2\/media?parent=1603"}],"wp:term":[{"taxonomy":"category","embeddable":true,"href":"https:\/\/brasileradigital.com.br\/index.php\/wp-json\/wp\/v2\/categories?post=1603"},{"taxonomy":"post_tag","embeddable":true,"href":"https:\/\/brasileradigital.com.br\/index.php\/wp-json\/wp\/v2\/tags?post=1603"}],"curies":[{"name":"wp","href":"https:\/\/api.w.org\/{rel}","templated":true}]}}