{"id":1619,"date":"2025-03-21T15:33:35","date_gmt":"2025-03-21T18:33:35","guid":{"rendered":"https:\/\/brasileradigital.com.br\/?p=1619"},"modified":"2025-03-21T17:37:48","modified_gmt":"2025-03-21T20:37:48","slug":"volta-as-aulas-com-lulu-bic","status":"publish","type":"post","link":"https:\/\/brasileradigital.com.br\/index.php\/2025\/03\/21\/volta-as-aulas-com-lulu-bic\/","title":{"rendered":"VOLTA \u00c0S AULAS COM LULU &#038; BIC!"},"content":{"rendered":"\n<figure class=\"wp-block-image size-large is-resized\"><img fetchpriority=\"high\" decoding=\"async\" width=\"819\" height=\"1024\" src=\"https:\/\/brasileradigital.com.br\/wp-content\/uploads\/2025\/03\/lulu-capa-blog-819x1024.png\" alt=\"\" class=\"wp-image-1620\" style=\"width:484px;height:auto\" srcset=\"https:\/\/brasileradigital.com.br\/wp-content\/uploads\/2025\/03\/lulu-capa-blog-819x1024.png 819w, https:\/\/brasileradigital.com.br\/wp-content\/uploads\/2025\/03\/lulu-capa-blog-240x300.png 240w, https:\/\/brasileradigital.com.br\/wp-content\/uploads\/2025\/03\/lulu-capa-blog-768x960.png 768w, https:\/\/brasileradigital.com.br\/wp-content\/uploads\/2025\/03\/lulu-capa-blog.png 1080w\" sizes=\"(max-width: 819px) 100vw, 819px\" \/><\/figure>\n\n\n\n<p>Na magia do tra\u00e7o e da imagina\u00e7\u00e3o, Lulu e sua m\u00e3e deram vida \u00e0 nova linha de l\u00e1pis da BIC, transformando a criatividade em realidade. Com cada desenho, a hist\u00f3ria se desenrola, mostrando como um simples l\u00e1pis pode inspirar grandes aventuras.<\/p>\n\n\n\n<p>Tem como n\u00e3o se encantar com a delicadeza da Lulu criando? A campanha foi um sucesso, e essa parceria entre o BRA e o BIC tem ganhado os todo mundo, tornando a volta \u00e0s aulas ainda mais especiais!<\/p>\n\n\n\n<p>Mat\u00e9ria escrita por Rairla Rodrigues, Assistente de Marketing Brasilera<br>S\u00e3o Paulo, 21 de mar\u00e7o de 2025<\/p>\n","protected":false},"excerpt":{"rendered":"<p>Na magia do tra\u00e7o e da imagina\u00e7\u00e3o, Lulu e sua m\u00e3e deram vida \u00e0 nova linha de l\u00e1pis da BIC, transformando a criatividade em realidade. Com cada desenho, a hist\u00f3ria se desenrola, mostrando como um simples l\u00e1pis pode inspirar grandes aventuras. Tem como n\u00e3o se encantar com a delicadeza da Lulu criando? A campanha foi um sucesso, e essa parceria entre o BRA e o BIC tem ganhado os todo mundo, tornando a volta \u00e0s aulas ainda mais especiais! Mat\u00e9ria escrita por Rairla Rodrigues, Assistente de Marketing BrasileraS\u00e3o Paulo, 21 de mar\u00e7o de 2025<\/p>\n","protected":false},"author":1,"featured_media":1620,"comment_status":"open","ping_status":"open","sticky":false,"template":"","format":"standard","meta":{"footnotes":""},"categories":[24],"tags":[22,21,23],"class_list":["post-1619","post","type-post","status-publish","format-standard","has-post-thumbnail","hentry","category-lulu","tag-bic","tag-lulu","tag-voltaasaulas"],"yoast_head":"<!-- This site is optimized with the Yoast SEO plugin v24.7 - https:\/\/yoast.com\/wordpress\/plugins\/seo\/ -->\n<title>VOLTA \u00c0S AULAS COM LULU &amp; BIC! - Brasilera Digital<\/title>\n<meta name=\"robots\" content=\"index, follow, max-snippet:-1, max-image-preview:large, max-video-preview:-1\" \/>\n<link rel=\"canonical\" href=\"https:\/\/brasileradigital.com.br\/index.php\/2025\/03\/21\/volta-as-aulas-com-lulu-bic\/\" \/>\n<meta property=\"og:locale\" content=\"pt_BR\" \/>\n<meta property=\"og:type\" content=\"article\" \/>\n<meta property=\"og:title\" content=\"VOLTA \u00c0S AULAS COM LULU &amp; BIC! - Brasilera Digital\" \/>\n<meta property=\"og:description\" content=\"Na magia do tra\u00e7o e da imagina\u00e7\u00e3o, Lulu e sua m\u00e3e deram vida \u00e0 nova linha de l\u00e1pis da BIC, transformando a criatividade em realidade. Com cada desenho, a hist\u00f3ria se desenrola, mostrando como um simples l\u00e1pis pode inspirar grandes aventuras. Tem como n\u00e3o se encantar com a delicadeza da Lulu criando? A campanha foi um sucesso, e essa parceria entre o BRA e o BIC tem ganhado os todo mundo, tornando a volta \u00e0s aulas ainda mais especiais! Mat\u00e9ria escrita por Rairla Rodrigues, Assistente de Marketing BrasileraS\u00e3o Paulo, 21 de mar\u00e7o de 2025\" \/>\n<meta property=\"og:url\" content=\"https:\/\/brasileradigital.com.br\/index.php\/2025\/03\/21\/volta-as-aulas-com-lulu-bic\/\" \/>\n<meta property=\"og:site_name\" content=\"Brasilera Digital\" \/>\n<meta property=\"article:published_time\" content=\"2025-03-21T18:33:35+00:00\" \/>\n<meta property=\"article:modified_time\" content=\"2025-03-21T20:37:48+00:00\" \/>\n<meta property=\"og:image\" content=\"https:\/\/brasileradigital.com.br\/wp-content\/uploads\/2025\/03\/lulu-capa-blog.png\" \/>\n\t<meta property=\"og:image:width\" content=\"1080\" \/>\n\t<meta property=\"og:image:height\" content=\"1350\" \/>\n\t<meta property=\"og:image:type\" content=\"image\/png\" \/>\n<meta name=\"author\" content=\"ply\" \/>\n<meta name=\"twitter:card\" content=\"summary_large_image\" \/>\n<meta name=\"twitter:label1\" content=\"Escrito por\" \/>\n\t<meta name=\"twitter:data1\" content=\"ply\" \/>\n\t<meta name=\"twitter:label2\" content=\"Est. tempo de leitura\" \/>\n\t<meta name=\"twitter:data2\" content=\"1 minuto\" \/>\n<script type=\"application\/ld+json\" class=\"yoast-schema-graph\">{\"@context\":\"https:\/\/schema.org\",\"@graph\":[{\"@type\":\"WebPage\",\"@id\":\"https:\/\/brasileradigital.com.br\/index.php\/2025\/03\/21\/volta-as-aulas-com-lulu-bic\/\",\"url\":\"https:\/\/brasileradigital.com.br\/index.php\/2025\/03\/21\/volta-as-aulas-com-lulu-bic\/\",\"name\":\"VOLTA \u00c0S AULAS COM LULU & BIC! - Brasilera Digital\",\"isPartOf\":{\"@id\":\"https:\/\/brasileradigital.com.br\/#website\"},\"primaryImageOfPage\":{\"@id\":\"https:\/\/brasileradigital.com.br\/index.php\/2025\/03\/21\/volta-as-aulas-com-lulu-bic\/#primaryimage\"},\"image\":{\"@id\":\"https:\/\/brasileradigital.com.br\/index.php\/2025\/03\/21\/volta-as-aulas-com-lulu-bic\/#primaryimage\"},\"thumbnailUrl\":\"https:\/\/brasileradigital.com.br\/wp-content\/uploads\/2025\/03\/lulu-capa-blog.png\",\"datePublished\":\"2025-03-21T18:33:35+00:00\",\"dateModified\":\"2025-03-21T20:37:48+00:00\",\"author\":{\"@id\":\"https:\/\/brasileradigital.com.br\/#\/schema\/person\/15253c164598c50d28583ad27b83a155\"},\"breadcrumb\":{\"@id\":\"https:\/\/brasileradigital.com.br\/index.php\/2025\/03\/21\/volta-as-aulas-com-lulu-bic\/#breadcrumb\"},\"inLanguage\":\"pt-BR\",\"potentialAction\":[{\"@type\":\"ReadAction\",\"target\":[\"https:\/\/brasileradigital.com.br\/index.php\/2025\/03\/21\/volta-as-aulas-com-lulu-bic\/\"]}]},{\"@type\":\"ImageObject\",\"inLanguage\":\"pt-BR\",\"@id\":\"https:\/\/brasileradigital.com.br\/index.php\/2025\/03\/21\/volta-as-aulas-com-lulu-bic\/#primaryimage\",\"url\":\"https:\/\/brasileradigital.com.br\/wp-content\/uploads\/2025\/03\/lulu-capa-blog.png\",\"contentUrl\":\"https:\/\/brasileradigital.com.br\/wp-content\/uploads\/2025\/03\/lulu-capa-blog.png\",\"width\":1080,\"height\":1350},{\"@type\":\"BreadcrumbList\",\"@id\":\"https:\/\/brasileradigital.com.br\/index.php\/2025\/03\/21\/volta-as-aulas-com-lulu-bic\/#breadcrumb\",\"itemListElement\":[{\"@type\":\"ListItem\",\"position\":1,\"name\":\"In\u00edcio\",\"item\":\"https:\/\/brasileradigital.com.br\/\"},{\"@type\":\"ListItem\",\"position\":2,\"name\":\"VOLTA \u00c0S AULAS COM LULU &#038; BIC!\"}]},{\"@type\":\"WebSite\",\"@id\":\"https:\/\/brasileradigital.com.br\/#website\",\"url\":\"https:\/\/brasileradigital.com.br\/\",\"name\":\"Brasilera Digital\",\"description\":\"\",\"alternateName\":\"Brasilera Digital\",\"potentialAction\":[{\"@type\":\"SearchAction\",\"target\":{\"@type\":\"EntryPoint\",\"urlTemplate\":\"https:\/\/brasileradigital.com.br\/?s={search_term_string}\"},\"query-input\":{\"@type\":\"PropertyValueSpecification\",\"valueRequired\":true,\"valueName\":\"search_term_string\"}}],\"inLanguage\":\"pt-BR\"},{\"@type\":\"Person\",\"@id\":\"https:\/\/brasileradigital.com.br\/#\/schema\/person\/15253c164598c50d28583ad27b83a155\",\"name\":\"ply\",\"image\":{\"@type\":\"ImageObject\",\"inLanguage\":\"pt-BR\",\"@id\":\"https:\/\/brasileradigital.com.br\/#\/schema\/person\/image\/\",\"url\":\"https:\/\/secure.gravatar.com\/avatar\/53e1a40cf3918092a73d3be8e976f1f3?s=96&d=mm&r=g\",\"contentUrl\":\"https:\/\/secure.gravatar.com\/avatar\/53e1a40cf3918092a73d3be8e976f1f3?s=96&d=mm&r=g\",\"caption\":\"ply\"},\"sameAs\":[\"https:\/\/brasileradigital.com.br\"],\"url\":\"https:\/\/brasileradigital.com.br\/index.php\/author\/ply\/\"}]}<\/script>\n<!-- \/ Yoast SEO plugin. -->","yoast_head_json":{"title":"VOLTA \u00c0S AULAS COM LULU & BIC! - Brasilera Digital","robots":{"index":"index","follow":"follow","max-snippet":"max-snippet:-1","max-image-preview":"max-image-preview:large","max-video-preview":"max-video-preview:-1"},"canonical":"https:\/\/brasileradigital.com.br\/index.php\/2025\/03\/21\/volta-as-aulas-com-lulu-bic\/","og_locale":"pt_BR","og_type":"article","og_title":"VOLTA \u00c0S AULAS COM LULU & BIC! - Brasilera Digital","og_description":"Na magia do tra\u00e7o e da imagina\u00e7\u00e3o, Lulu e sua m\u00e3e deram vida \u00e0 nova linha de l\u00e1pis da BIC, transformando a criatividade em realidade. Com cada desenho, a hist\u00f3ria se desenrola, mostrando como um simples l\u00e1pis pode inspirar grandes aventuras. Tem como n\u00e3o se encantar com a delicadeza da Lulu criando? A campanha foi um sucesso, e essa parceria entre o BRA e o BIC tem ganhado os todo mundo, tornando a volta \u00e0s aulas ainda mais especiais! Mat\u00e9ria escrita por Rairla Rodrigues, Assistente de Marketing BrasileraS\u00e3o Paulo, 21 de mar\u00e7o de 2025","og_url":"https:\/\/brasileradigital.com.br\/index.php\/2025\/03\/21\/volta-as-aulas-com-lulu-bic\/","og_site_name":"Brasilera Digital","article_published_time":"2025-03-21T18:33:35+00:00","article_modified_time":"2025-03-21T20:37:48+00:00","og_image":[{"width":1080,"height":1350,"url":"https:\/\/brasileradigital.com.br\/wp-content\/uploads\/2025\/03\/lulu-capa-blog.png","type":"image\/png"}],"author":"ply","twitter_card":"summary_large_image","twitter_misc":{"Escrito por":"ply","Est. tempo de leitura":"1 minuto"},"schema":{"@context":"https:\/\/schema.org","@graph":[{"@type":"WebPage","@id":"https:\/\/brasileradigital.com.br\/index.php\/2025\/03\/21\/volta-as-aulas-com-lulu-bic\/","url":"https:\/\/brasileradigital.com.br\/index.php\/2025\/03\/21\/volta-as-aulas-com-lulu-bic\/","name":"VOLTA \u00c0S AULAS COM LULU & BIC! - Brasilera Digital","isPartOf":{"@id":"https:\/\/brasileradigital.com.br\/#website"},"primaryImageOfPage":{"@id":"https:\/\/brasileradigital.com.br\/index.php\/2025\/03\/21\/volta-as-aulas-com-lulu-bic\/#primaryimage"},"image":{"@id":"https:\/\/brasileradigital.com.br\/index.php\/2025\/03\/21\/volta-as-aulas-com-lulu-bic\/#primaryimage"},"thumbnailUrl":"https:\/\/brasileradigital.com.br\/wp-content\/uploads\/2025\/03\/lulu-capa-blog.png","datePublished":"2025-03-21T18:33:35+00:00","dateModified":"2025-03-21T20:37:48+00:00","author":{"@id":"https:\/\/brasileradigital.com.br\/#\/schema\/person\/15253c164598c50d28583ad27b83a155"},"breadcrumb":{"@id":"https:\/\/brasileradigital.com.br\/index.php\/2025\/03\/21\/volta-as-aulas-com-lulu-bic\/#breadcrumb"},"inLanguage":"pt-BR","potentialAction":[{"@type":"ReadAction","target":["https:\/\/brasileradigital.com.br\/index.php\/2025\/03\/21\/volta-as-aulas-com-lulu-bic\/"]}]},{"@type":"ImageObject","inLanguage":"pt-BR","@id":"https:\/\/brasileradigital.com.br\/index.php\/2025\/03\/21\/volta-as-aulas-com-lulu-bic\/#primaryimage","url":"https:\/\/brasileradigital.com.br\/wp-content\/uploads\/2025\/03\/lulu-capa-blog.png","contentUrl":"https:\/\/brasileradigital.com.br\/wp-content\/uploads\/2025\/03\/lulu-capa-blog.png","width":1080,"height":1350},{"@type":"BreadcrumbList","@id":"https:\/\/brasileradigital.com.br\/index.php\/2025\/03\/21\/volta-as-aulas-com-lulu-bic\/#breadcrumb","itemListElement":[{"@type":"ListItem","position":1,"name":"In\u00edcio","item":"https:\/\/brasileradigital.com.br\/"},{"@type":"ListItem","position":2,"name":"VOLTA \u00c0S AULAS COM LULU &#038; BIC!"}]},{"@type":"WebSite","@id":"https:\/\/brasileradigital.com.br\/#website","url":"https:\/\/brasileradigital.com.br\/","name":"Brasilera Digital","description":"","alternateName":"Brasilera Digital","potentialAction":[{"@type":"SearchAction","target":{"@type":"EntryPoint","urlTemplate":"https:\/\/brasileradigital.com.br\/?s={search_term_string}"},"query-input":{"@type":"PropertyValueSpecification","valueRequired":true,"valueName":"search_term_string"}}],"inLanguage":"pt-BR"},{"@type":"Person","@id":"https:\/\/brasileradigital.com.br\/#\/schema\/person\/15253c164598c50d28583ad27b83a155","name":"ply","image":{"@type":"ImageObject","inLanguage":"pt-BR","@id":"https:\/\/brasileradigital.com.br\/#\/schema\/person\/image\/","url":"https:\/\/secure.gravatar.com\/avatar\/53e1a40cf3918092a73d3be8e976f1f3?s=96&d=mm&r=g","contentUrl":"https:\/\/secure.gravatar.com\/avatar\/53e1a40cf3918092a73d3be8e976f1f3?s=96&d=mm&r=g","caption":"ply"},"sameAs":["https:\/\/brasileradigital.com.br"],"url":"https:\/\/brasileradigital.com.br\/index.php\/author\/ply\/"}]}},"_links":{"self":[{"href":"https:\/\/brasileradigital.com.br\/index.php\/wp-json\/wp\/v2\/posts\/1619","targetHints":{"allow":["GET"]}}],"collection":[{"href":"https:\/\/brasileradigital.com.br\/index.php\/wp-json\/wp\/v2\/posts"}],"about":[{"href":"https:\/\/brasileradigital.com.br\/index.php\/wp-json\/wp\/v2\/types\/post"}],"author":[{"embeddable":true,"href":"https:\/\/brasileradigital.com.br\/index.php\/wp-json\/wp\/v2\/users\/1"}],"replies":[{"embeddable":true,"href":"https:\/\/brasileradigital.com.br\/index.php\/wp-json\/wp\/v2\/comments?post=1619"}],"version-history":[{"count":3,"href":"https:\/\/brasileradigital.com.br\/index.php\/wp-json\/wp\/v2\/posts\/1619\/revisions"}],"predecessor-version":[{"id":1624,"href":"https:\/\/brasileradigital.com.br\/index.php\/wp-json\/wp\/v2\/posts\/1619\/revisions\/1624"}],"wp:featuredmedia":[{"embeddable":true,"href":"https:\/\/brasileradigital.com.br\/index.php\/wp-json\/wp\/v2\/media\/1620"}],"wp:attachment":[{"href":"https:\/\/brasileradigital.com.br\/index.php\/wp-json\/wp\/v2\/media?parent=1619"}],"wp:term":[{"taxonomy":"category","embeddable":true,"href":"https:\/\/brasileradigital.com.br\/index.php\/wp-json\/wp\/v2\/categories?post=1619"},{"taxonomy":"post_tag","embeddable":true,"href":"https:\/\/brasileradigital.com.br\/index.php\/wp-json\/wp\/v2\/tags?post=1619"}],"curies":[{"name":"wp","href":"https:\/\/api.w.org\/{rel}","templated":true}]}}