{"id":1707,"date":"2025-04-07T19:08:03","date_gmt":"2025-04-07T22:08:03","guid":{"rendered":"https:\/\/brasileradigital.com.br\/?p=1707"},"modified":"2025-04-07T19:08:03","modified_gmt":"2025-04-07T22:08:03","slug":"dia-do-jornalista-comunicacao-com-proposito-jr-cesar","status":"publish","type":"post","link":"https:\/\/brasileradigital.com.br\/index.php\/2025\/04\/07\/dia-do-jornalista-comunicacao-com-proposito-jr-cesar\/","title":{"rendered":"Dia do Jornalista: como a forma\u00e7\u00e3o de Jr C\u00e9sar influencia a comunica\u00e7\u00e3o da Brasilera Digital"},"content":{"rendered":"\n<figure class=\"wp-block-gallery has-nested-images columns-default is-cropped wp-block-gallery-1 is-layout-flex wp-block-gallery-is-layout-flex\">\n<figure class=\"wp-block-image size-large\"><img fetchpriority=\"high\" decoding=\"async\" width=\"819\" height=\"1024\" data-id=\"1708\" src=\"https:\/\/brasileradigital.com.br\/wp-content\/uploads\/2025\/04\/Retrato-instagram-dia-do-reporter-ousado-vermelho-819x1024.png\" alt=\"dia do jornalista em fundo vermelho\" class=\"wp-image-1708\" srcset=\"https:\/\/brasileradigital.com.br\/wp-content\/uploads\/2025\/04\/Retrato-instagram-dia-do-reporter-ousado-vermelho-819x1024.png 819w, https:\/\/brasileradigital.com.br\/wp-content\/uploads\/2025\/04\/Retrato-instagram-dia-do-reporter-ousado-vermelho-240x300.png 240w, https:\/\/brasileradigital.com.br\/wp-content\/uploads\/2025\/04\/Retrato-instagram-dia-do-reporter-ousado-vermelho-768x960.png 768w, https:\/\/brasileradigital.com.br\/wp-content\/uploads\/2025\/04\/Retrato-instagram-dia-do-reporter-ousado-vermelho.png 1080w\" sizes=\"(max-width: 819px) 100vw, 819px\" \/><\/figure>\n<\/figure>\n\n\n\n<p><strong>O Dia do Jornalista<\/strong>, celebrado em 7 de abril, \u00e9 uma oportunidade de reconhecer a import\u00e2ncia da comunica\u00e7\u00e3o com prop\u00f3sito \u2014 um valor que est\u00e1 no DNA da Brasilera Digital.<\/p>\n\n\n\n<p>E mais do que uma data comemorativa, esse dia tem um significado ainda mais especial para n\u00f3s: nosso CEO, <strong>Jr C\u00e9sar<\/strong>, \u00e9 jornalista de forma\u00e7\u00e3o. Sua trajet\u00f3ria como comunicador molda at\u00e9 hoje a maneira como a ag\u00eancia enxerga, ouve e se posiciona no mercado da <strong>gest\u00e3o de carreiras criativas<\/strong>.<\/p>\n\n\n\n<h3 class=\"wp-block-heading\">Jornalismo: o ponto de partida para uma nova forma de liderar<\/h3>\n\n\n\n<p>Antes de fundar a Brasilera Digital, Jr C\u00e9sar atuou como jornalista, sempre atento \u00e0s hist\u00f3rias que mereciam ser contadas \u2014 muitas vezes por quem ainda n\u00e3o tinha espa\u00e7o nos grandes meios. Esse olhar sens\u00edvel, combinado \u00e0 sua veia art\u00edstica, foi o que o conduziu \u00e0 cria\u00e7\u00e3o de uma ag\u00eancia que vai muito al\u00e9m da performance:<br>a Brasilera \u00e9 constru\u00edda com base em <strong>escuta ativa, verdade e vis\u00e3o estrat\u00e9gica.<\/strong><\/p>\n\n\n\n<p>Sua forma\u00e7\u00e3o jornal\u00edstica \u00e9, at\u00e9 hoje, um dos diferenciais na forma como conduz talentos e grandes projetos. Ele entende que comunicar bem \u00e9, acima de tudo, respeitar a identidade de quem se comunica \u2014 e transformar essa verdade em posicionamento de marca.<\/p>\n\n\n\n<h3 class=\"wp-block-heading\">Comunica\u00e7\u00e3o com prop\u00f3sito: o que diferencia a Brasilera<\/h3>\n\n\n\n<p>Na Brasilera Digital, comunica\u00e7\u00e3o n\u00e3o \u00e9 apenas uma entrega. \u00c9 a base de tudo.<\/p>\n\n\n\n<p>Por isso, valorizamos a constru\u00e7\u00e3o de narrativas reais, o cuidado com a imagem de cada influenciador e a entrega de projetos que respeitam valores, hist\u00f3rias e contextos.<br>A ess\u00eancia jornal\u00edstica est\u00e1 presente em todas as etapas: da estrat\u00e9gia ao conte\u00fado, da gest\u00e3o \u00e0 performance.<\/p>\n\n\n\n<p>Mais do que n\u00fameros, buscamos impacto.<br>Mais do que tend\u00eancias, buscamos <strong>conex\u00f5es reais<\/strong> entre talentos, marcas e comunidades.<\/p>\n\n\n\n<h3 class=\"wp-block-heading\">A for\u00e7a do jornalismo na lideran\u00e7a criativa<\/h3>\n\n\n\n<p>Jr C\u00e9sar lidera a Brasilera com o mesmo olhar que moldou sua forma\u00e7\u00e3o: atento, humano e inquieto.<br>Sua atua\u00e7\u00e3o comprova que o jornalismo ultrapassa as reda\u00e7\u00f5es e pode transformar a maneira como lideramos pessoas, criamos estrat\u00e9gias e moldamos o futuro do mercado de influ\u00eancia.<\/p>\n\n\n\n<p>Sob sua lideran\u00e7a, a Brasilera se consolidou como a maior ag\u00eancia de gest\u00e3o de carreiras da Am\u00e9rica Latina com casting exclusivo \u2014 um feito constru\u00eddo com autenticidade, empatia e intelig\u00eancia emocional.<\/p>\n\n\n\n<hr class=\"wp-block-separator has-alpha-channel-opacity\"\/>\n\n\n\n<h2 class=\"wp-block-heading\"><strong>Conclus\u00e3o: o legado do jornalismo na Brasilera<\/strong><\/h2>\n\n\n\n<p>Neste Dia do Jornalista, celebramos n\u00e3o apenas a profiss\u00e3o, mas tudo que ela representa:<br>A escuta.<br>A sensibilidade.<br>O compromisso com a verdade.<\/p>\n\n\n\n<p>E homenageamos com orgulho o jornalista que est\u00e1 \u00e0 frente da nossa ag\u00eancia, guiando cada passo com prop\u00f3sito: <strong>Jr C\u00e9sar.<\/strong><\/p>\n\n\n\n<p><strong>Feliz Dia do Jornalista a todos que comunicam com verdade e transformam o mundo com palavras.<\/strong><\/p>\n\n\n\n<p><\/p>\n\n\n\n<p>Escrito por: Rairla Rodrigues &#8211; Assistente de Marketing Brasilera<\/p>\n\n\n\n<p>07\/04\/2025<\/p>\n","protected":false},"excerpt":{"rendered":"<p>O Dia do Jornalista, celebrado em 7 de abril, \u00e9 uma oportunidade de reconhecer a import\u00e2ncia da comunica\u00e7\u00e3o com prop\u00f3sito \u2014 um valor que est\u00e1 no DNA da Brasilera Digital. E mais do que uma data comemorativa, esse dia tem um significado ainda mais especial para n\u00f3s: nosso CEO, Jr C\u00e9sar, \u00e9 jornalista de forma\u00e7\u00e3o. Sua trajet\u00f3ria como comunicador molda at\u00e9 hoje a maneira como a ag\u00eancia enxerga, ouve e se posiciona no mercado da gest\u00e3o de carreiras criativas. Jornalismo: o ponto de partida para uma nova forma de liderar Antes de fundar a Brasilera Digital, Jr C\u00e9sar atuou como jornalista, sempre atento \u00e0s hist\u00f3rias que mereciam ser contadas \u2014 muitas vezes por quem ainda n\u00e3o tinha espa\u00e7o nos grandes meios. Esse olhar sens\u00edvel, combinado \u00e0 sua veia art\u00edstica, foi o que o conduziu \u00e0 cria\u00e7\u00e3o de uma ag\u00eancia que vai muito al\u00e9m da performance:a Brasilera \u00e9 constru\u00edda com base em escuta ativa, verdade e vis\u00e3o estrat\u00e9gica. Sua forma\u00e7\u00e3o jornal\u00edstica \u00e9, at\u00e9 hoje, um dos diferenciais na forma como conduz talentos e grandes projetos. Ele entende que comunicar bem \u00e9, acima de tudo, respeitar a identidade de quem se comunica \u2014 e transformar essa verdade em posicionamento de marca. Comunica\u00e7\u00e3o com prop\u00f3sito: o que diferencia a Brasilera Na Brasilera Digital, comunica\u00e7\u00e3o n\u00e3o \u00e9 apenas uma entrega. \u00c9 a base de tudo. Por isso, valorizamos a constru\u00e7\u00e3o de narrativas reais, o cuidado com a imagem de cada influenciador e a entrega de projetos que respeitam valores, hist\u00f3rias e contextos.A ess\u00eancia jornal\u00edstica est\u00e1 presente em todas as etapas: da estrat\u00e9gia ao conte\u00fado, da gest\u00e3o \u00e0 performance. Mais do que n\u00fameros, buscamos impacto.Mais do que tend\u00eancias, buscamos conex\u00f5es reais entre talentos, marcas e comunidades. A for\u00e7a do jornalismo na lideran\u00e7a criativa Jr C\u00e9sar lidera a Brasilera com o mesmo olhar que moldou sua forma\u00e7\u00e3o: atento, humano e inquieto.Sua atua\u00e7\u00e3o comprova que o jornalismo ultrapassa as reda\u00e7\u00f5es e pode transformar a maneira como lideramos pessoas, criamos estrat\u00e9gias e moldamos o futuro do mercado de influ\u00eancia. Sob sua lideran\u00e7a, a Brasilera se consolidou como a maior ag\u00eancia de gest\u00e3o de carreiras da Am\u00e9rica Latina com casting exclusivo \u2014 um feito constru\u00eddo com autenticidade, empatia e intelig\u00eancia emocional. Conclus\u00e3o: o legado do jornalismo na Brasilera Neste Dia do Jornalista, celebramos n\u00e3o apenas a profiss\u00e3o, mas tudo que ela representa:A escuta.A sensibilidade.O compromisso com a verdade. E homenageamos com orgulho o jornalista que est\u00e1 \u00e0 frente da nossa ag\u00eancia, guiando cada passo com prop\u00f3sito: Jr C\u00e9sar. Feliz Dia do Jornalista a todos que comunicam com verdade e transformam o mundo com palavras. Escrito por: Rairla Rodrigues &#8211; Assistente de Marketing Brasilera 07\/04\/2025<\/p>\n","protected":false},"author":1,"featured_media":1708,"comment_status":"open","ping_status":"open","sticky":false,"template":"","format":"standard","meta":{"footnotes":""},"categories":[1],"tags":[],"class_list":["post-1707","post","type-post","status-publish","format-standard","has-post-thumbnail","hentry","category-sem-categoria"],"yoast_head":"<!-- This site is optimized with the Yoast SEO plugin v24.7 - https:\/\/yoast.com\/wordpress\/plugins\/seo\/ -->\n<title>Dia do Jornalismo - CEO Jr Cesar - Brasilera Digital<\/title>\n<meta name=\"description\" content=\"No Dia do Jornalista, celebramos o olhar sens\u00edvel de Jr C\u00e9sar e como sua forma\u00e7\u00e3o influencia a comunica\u00e7\u00e3o com prop\u00f3sito da Brasilera Digital.\" \/>\n<meta name=\"robots\" content=\"index, follow, max-snippet:-1, max-image-preview:large, max-video-preview:-1\" \/>\n<link rel=\"canonical\" href=\"https:\/\/brasileradigital.com.br\/index.php\/2025\/04\/07\/dia-do-jornalista-comunicacao-com-proposito-jr-cesar\/\" \/>\n<meta property=\"og:locale\" content=\"pt_BR\" \/>\n<meta property=\"og:type\" content=\"article\" \/>\n<meta property=\"og:title\" content=\"Dia do Jornalismo - CEO Jr Cesar - Brasilera Digital\" \/>\n<meta property=\"og:description\" content=\"No Dia do Jornalista, celebramos o olhar sens\u00edvel de Jr C\u00e9sar e como sua forma\u00e7\u00e3o influencia a comunica\u00e7\u00e3o com prop\u00f3sito da Brasilera Digital.\" \/>\n<meta property=\"og:url\" content=\"https:\/\/brasileradigital.com.br\/index.php\/2025\/04\/07\/dia-do-jornalista-comunicacao-com-proposito-jr-cesar\/\" \/>\n<meta property=\"og:site_name\" content=\"Brasilera Digital\" \/>\n<meta property=\"article:published_time\" content=\"2025-04-07T22:08:03+00:00\" \/>\n<meta property=\"og:image\" content=\"https:\/\/brasileradigital.com.br\/wp-content\/uploads\/2025\/04\/Retrato-instagram-dia-do-reporter-ousado-vermelho.png\" \/>\n\t<meta property=\"og:image:width\" content=\"1080\" \/>\n\t<meta property=\"og:image:height\" content=\"1350\" \/>\n\t<meta property=\"og:image:type\" content=\"image\/png\" \/>\n<meta name=\"author\" content=\"ply\" \/>\n<meta name=\"twitter:card\" content=\"summary_large_image\" \/>\n<meta name=\"twitter:label1\" content=\"Escrito por\" \/>\n\t<meta name=\"twitter:data1\" content=\"ply\" \/>\n\t<meta name=\"twitter:label2\" content=\"Est. tempo de leitura\" \/>\n\t<meta name=\"twitter:data2\" content=\"3 minutos\" \/>\n<script type=\"application\/ld+json\" class=\"yoast-schema-graph\">{\"@context\":\"https:\/\/schema.org\",\"@graph\":[{\"@type\":\"WebPage\",\"@id\":\"https:\/\/brasileradigital.com.br\/index.php\/2025\/04\/07\/dia-do-jornalista-comunicacao-com-proposito-jr-cesar\/\",\"url\":\"https:\/\/brasileradigital.com.br\/index.php\/2025\/04\/07\/dia-do-jornalista-comunicacao-com-proposito-jr-cesar\/\",\"name\":\"Dia do Jornalismo - CEO Jr Cesar - Brasilera Digital\",\"isPartOf\":{\"@id\":\"https:\/\/brasileradigital.com.br\/#website\"},\"primaryImageOfPage\":{\"@id\":\"https:\/\/brasileradigital.com.br\/index.php\/2025\/04\/07\/dia-do-jornalista-comunicacao-com-proposito-jr-cesar\/#primaryimage\"},\"image\":{\"@id\":\"https:\/\/brasileradigital.com.br\/index.php\/2025\/04\/07\/dia-do-jornalista-comunicacao-com-proposito-jr-cesar\/#primaryimage\"},\"thumbnailUrl\":\"https:\/\/brasileradigital.com.br\/wp-content\/uploads\/2025\/04\/Retrato-instagram-dia-do-reporter-ousado-vermelho.png\",\"datePublished\":\"2025-04-07T22:08:03+00:00\",\"author\":{\"@id\":\"https:\/\/brasileradigital.com.br\/#\/schema\/person\/15253c164598c50d28583ad27b83a155\"},\"description\":\"No Dia do Jornalista, celebramos o olhar sens\u00edvel de Jr C\u00e9sar e como sua forma\u00e7\u00e3o influencia a comunica\u00e7\u00e3o com prop\u00f3sito da Brasilera Digital.\",\"breadcrumb\":{\"@id\":\"https:\/\/brasileradigital.com.br\/index.php\/2025\/04\/07\/dia-do-jornalista-comunicacao-com-proposito-jr-cesar\/#breadcrumb\"},\"inLanguage\":\"pt-BR\",\"potentialAction\":[{\"@type\":\"ReadAction\",\"target\":[\"https:\/\/brasileradigital.com.br\/index.php\/2025\/04\/07\/dia-do-jornalista-comunicacao-com-proposito-jr-cesar\/\"]}]},{\"@type\":\"ImageObject\",\"inLanguage\":\"pt-BR\",\"@id\":\"https:\/\/brasileradigital.com.br\/index.php\/2025\/04\/07\/dia-do-jornalista-comunicacao-com-proposito-jr-cesar\/#primaryimage\",\"url\":\"https:\/\/brasileradigital.com.br\/wp-content\/uploads\/2025\/04\/Retrato-instagram-dia-do-reporter-ousado-vermelho.png\",\"contentUrl\":\"https:\/\/brasileradigital.com.br\/wp-content\/uploads\/2025\/04\/Retrato-instagram-dia-do-reporter-ousado-vermelho.png\",\"width\":1080,\"height\":1350,\"caption\":\"dia do jornalista em fundo vermelho\"},{\"@type\":\"BreadcrumbList\",\"@id\":\"https:\/\/brasileradigital.com.br\/index.php\/2025\/04\/07\/dia-do-jornalista-comunicacao-com-proposito-jr-cesar\/#breadcrumb\",\"itemListElement\":[{\"@type\":\"ListItem\",\"position\":1,\"name\":\"In\u00edcio\",\"item\":\"https:\/\/brasileradigital.com.br\/\"},{\"@type\":\"ListItem\",\"position\":2,\"name\":\"Dia do Jornalista: como a forma\u00e7\u00e3o de Jr C\u00e9sar influencia a comunica\u00e7\u00e3o da Brasilera Digital\"}]},{\"@type\":\"WebSite\",\"@id\":\"https:\/\/brasileradigital.com.br\/#website\",\"url\":\"https:\/\/brasileradigital.com.br\/\",\"name\":\"Brasilera Digital\",\"description\":\"\",\"alternateName\":\"Brasilera Digital\",\"potentialAction\":[{\"@type\":\"SearchAction\",\"target\":{\"@type\":\"EntryPoint\",\"urlTemplate\":\"https:\/\/brasileradigital.com.br\/?s={search_term_string}\"},\"query-input\":{\"@type\":\"PropertyValueSpecification\",\"valueRequired\":true,\"valueName\":\"search_term_string\"}}],\"inLanguage\":\"pt-BR\"},{\"@type\":\"Person\",\"@id\":\"https:\/\/brasileradigital.com.br\/#\/schema\/person\/15253c164598c50d28583ad27b83a155\",\"name\":\"ply\",\"image\":{\"@type\":\"ImageObject\",\"inLanguage\":\"pt-BR\",\"@id\":\"https:\/\/brasileradigital.com.br\/#\/schema\/person\/image\/\",\"url\":\"https:\/\/secure.gravatar.com\/avatar\/53e1a40cf3918092a73d3be8e976f1f3?s=96&d=mm&r=g\",\"contentUrl\":\"https:\/\/secure.gravatar.com\/avatar\/53e1a40cf3918092a73d3be8e976f1f3?s=96&d=mm&r=g\",\"caption\":\"ply\"},\"sameAs\":[\"https:\/\/brasileradigital.com.br\"],\"url\":\"https:\/\/brasileradigital.com.br\/index.php\/author\/ply\/\"}]}<\/script>\n<!-- \/ Yoast SEO plugin. -->","yoast_head_json":{"title":"Dia do Jornalismo - CEO Jr Cesar - Brasilera Digital","description":"No Dia do Jornalista, celebramos o olhar sens\u00edvel de Jr C\u00e9sar e como sua forma\u00e7\u00e3o influencia a comunica\u00e7\u00e3o com prop\u00f3sito da Brasilera Digital.","robots":{"index":"index","follow":"follow","max-snippet":"max-snippet:-1","max-image-preview":"max-image-preview:large","max-video-preview":"max-video-preview:-1"},"canonical":"https:\/\/brasileradigital.com.br\/index.php\/2025\/04\/07\/dia-do-jornalista-comunicacao-com-proposito-jr-cesar\/","og_locale":"pt_BR","og_type":"article","og_title":"Dia do Jornalismo - CEO Jr Cesar - Brasilera Digital","og_description":"No Dia do Jornalista, celebramos o olhar sens\u00edvel de Jr C\u00e9sar e como sua forma\u00e7\u00e3o influencia a comunica\u00e7\u00e3o com prop\u00f3sito da Brasilera Digital.","og_url":"https:\/\/brasileradigital.com.br\/index.php\/2025\/04\/07\/dia-do-jornalista-comunicacao-com-proposito-jr-cesar\/","og_site_name":"Brasilera Digital","article_published_time":"2025-04-07T22:08:03+00:00","og_image":[{"width":1080,"height":1350,"url":"https:\/\/brasileradigital.com.br\/wp-content\/uploads\/2025\/04\/Retrato-instagram-dia-do-reporter-ousado-vermelho.png","type":"image\/png"}],"author":"ply","twitter_card":"summary_large_image","twitter_misc":{"Escrito por":"ply","Est. tempo de leitura":"3 minutos"},"schema":{"@context":"https:\/\/schema.org","@graph":[{"@type":"WebPage","@id":"https:\/\/brasileradigital.com.br\/index.php\/2025\/04\/07\/dia-do-jornalista-comunicacao-com-proposito-jr-cesar\/","url":"https:\/\/brasileradigital.com.br\/index.php\/2025\/04\/07\/dia-do-jornalista-comunicacao-com-proposito-jr-cesar\/","name":"Dia do Jornalismo - CEO Jr Cesar - Brasilera Digital","isPartOf":{"@id":"https:\/\/brasileradigital.com.br\/#website"},"primaryImageOfPage":{"@id":"https:\/\/brasileradigital.com.br\/index.php\/2025\/04\/07\/dia-do-jornalista-comunicacao-com-proposito-jr-cesar\/#primaryimage"},"image":{"@id":"https:\/\/brasileradigital.com.br\/index.php\/2025\/04\/07\/dia-do-jornalista-comunicacao-com-proposito-jr-cesar\/#primaryimage"},"thumbnailUrl":"https:\/\/brasileradigital.com.br\/wp-content\/uploads\/2025\/04\/Retrato-instagram-dia-do-reporter-ousado-vermelho.png","datePublished":"2025-04-07T22:08:03+00:00","author":{"@id":"https:\/\/brasileradigital.com.br\/#\/schema\/person\/15253c164598c50d28583ad27b83a155"},"description":"No Dia do Jornalista, celebramos o olhar sens\u00edvel de Jr C\u00e9sar e como sua forma\u00e7\u00e3o influencia a comunica\u00e7\u00e3o com prop\u00f3sito da Brasilera Digital.","breadcrumb":{"@id":"https:\/\/brasileradigital.com.br\/index.php\/2025\/04\/07\/dia-do-jornalista-comunicacao-com-proposito-jr-cesar\/#breadcrumb"},"inLanguage":"pt-BR","potentialAction":[{"@type":"ReadAction","target":["https:\/\/brasileradigital.com.br\/index.php\/2025\/04\/07\/dia-do-jornalista-comunicacao-com-proposito-jr-cesar\/"]}]},{"@type":"ImageObject","inLanguage":"pt-BR","@id":"https:\/\/brasileradigital.com.br\/index.php\/2025\/04\/07\/dia-do-jornalista-comunicacao-com-proposito-jr-cesar\/#primaryimage","url":"https:\/\/brasileradigital.com.br\/wp-content\/uploads\/2025\/04\/Retrato-instagram-dia-do-reporter-ousado-vermelho.png","contentUrl":"https:\/\/brasileradigital.com.br\/wp-content\/uploads\/2025\/04\/Retrato-instagram-dia-do-reporter-ousado-vermelho.png","width":1080,"height":1350,"caption":"dia do jornalista em fundo vermelho"},{"@type":"BreadcrumbList","@id":"https:\/\/brasileradigital.com.br\/index.php\/2025\/04\/07\/dia-do-jornalista-comunicacao-com-proposito-jr-cesar\/#breadcrumb","itemListElement":[{"@type":"ListItem","position":1,"name":"In\u00edcio","item":"https:\/\/brasileradigital.com.br\/"},{"@type":"ListItem","position":2,"name":"Dia do Jornalista: como a forma\u00e7\u00e3o de Jr C\u00e9sar influencia a comunica\u00e7\u00e3o da Brasilera Digital"}]},{"@type":"WebSite","@id":"https:\/\/brasileradigital.com.br\/#website","url":"https:\/\/brasileradigital.com.br\/","name":"Brasilera Digital","description":"","alternateName":"Brasilera Digital","potentialAction":[{"@type":"SearchAction","target":{"@type":"EntryPoint","urlTemplate":"https:\/\/brasileradigital.com.br\/?s={search_term_string}"},"query-input":{"@type":"PropertyValueSpecification","valueRequired":true,"valueName":"search_term_string"}}],"inLanguage":"pt-BR"},{"@type":"Person","@id":"https:\/\/brasileradigital.com.br\/#\/schema\/person\/15253c164598c50d28583ad27b83a155","name":"ply","image":{"@type":"ImageObject","inLanguage":"pt-BR","@id":"https:\/\/brasileradigital.com.br\/#\/schema\/person\/image\/","url":"https:\/\/secure.gravatar.com\/avatar\/53e1a40cf3918092a73d3be8e976f1f3?s=96&d=mm&r=g","contentUrl":"https:\/\/secure.gravatar.com\/avatar\/53e1a40cf3918092a73d3be8e976f1f3?s=96&d=mm&r=g","caption":"ply"},"sameAs":["https:\/\/brasileradigital.com.br"],"url":"https:\/\/brasileradigital.com.br\/index.php\/author\/ply\/"}]}},"_links":{"self":[{"href":"https:\/\/brasileradigital.com.br\/index.php\/wp-json\/wp\/v2\/posts\/1707","targetHints":{"allow":["GET"]}}],"collection":[{"href":"https:\/\/brasileradigital.com.br\/index.php\/wp-json\/wp\/v2\/posts"}],"about":[{"href":"https:\/\/brasileradigital.com.br\/index.php\/wp-json\/wp\/v2\/types\/post"}],"author":[{"embeddable":true,"href":"https:\/\/brasileradigital.com.br\/index.php\/wp-json\/wp\/v2\/users\/1"}],"replies":[{"embeddable":true,"href":"https:\/\/brasileradigital.com.br\/index.php\/wp-json\/wp\/v2\/comments?post=1707"}],"version-history":[{"count":1,"href":"https:\/\/brasileradigital.com.br\/index.php\/wp-json\/wp\/v2\/posts\/1707\/revisions"}],"predecessor-version":[{"id":1710,"href":"https:\/\/brasileradigital.com.br\/index.php\/wp-json\/wp\/v2\/posts\/1707\/revisions\/1710"}],"wp:featuredmedia":[{"embeddable":true,"href":"https:\/\/brasileradigital.com.br\/index.php\/wp-json\/wp\/v2\/media\/1708"}],"wp:attachment":[{"href":"https:\/\/brasileradigital.com.br\/index.php\/wp-json\/wp\/v2\/media?parent=1707"}],"wp:term":[{"taxonomy":"category","embeddable":true,"href":"https:\/\/brasileradigital.com.br\/index.php\/wp-json\/wp\/v2\/categories?post=1707"},{"taxonomy":"post_tag","embeddable":true,"href":"https:\/\/brasileradigital.com.br\/index.php\/wp-json\/wp\/v2\/tags?post=1707"}],"curies":[{"name":"wp","href":"https:\/\/api.w.org\/{rel}","templated":true}]}}