{"id":1736,"date":"2025-04-24T18:04:45","date_gmt":"2025-04-24T21:04:45","guid":{"rendered":"https:\/\/brasileradigital.com.br\/?p=1736"},"modified":"2025-04-24T18:04:45","modified_gmt":"2025-04-24T21:04:45","slug":"nova-temporada-podcats-camila-loures","status":"publish","type":"post","link":"https:\/\/brasileradigital.com.br\/index.php\/2025\/04\/24\/nova-temporada-podcats-camila-loures\/","title":{"rendered":"ESTREIA DA NOVA TEMPORADA DO PODCATS"},"content":{"rendered":"\n<p>Camila Loures d\u00e1 o start na nova temporada do PodCats com mais pot\u00eancia, personalidade e convidados bomb\u00e1sticos!<\/p>\n\n\n\n<figure class=\"wp-block-image size-large is-resized\"><img fetchpriority=\"high\" decoding=\"async\" width=\"819\" height=\"1024\" src=\"https:\/\/brasileradigital.com.br\/wp-content\/uploads\/2025\/04\/ESSE-E-819x1024.png\" alt=\"CAMILA LOURES PODCATS\" class=\"wp-image-1737\" style=\"width:443px;height:auto\" srcset=\"https:\/\/brasileradigital.com.br\/wp-content\/uploads\/2025\/04\/ESSE-E-819x1024.png 819w, https:\/\/brasileradigital.com.br\/wp-content\/uploads\/2025\/04\/ESSE-E-240x300.png 240w, https:\/\/brasileradigital.com.br\/wp-content\/uploads\/2025\/04\/ESSE-E-768x960.png 768w, https:\/\/brasileradigital.com.br\/wp-content\/uploads\/2025\/04\/ESSE-E-1229x1536.png 1229w, https:\/\/brasileradigital.com.br\/wp-content\/uploads\/2025\/04\/ESSE-E-1638x2048.png 1638w\" sizes=\"(max-width: 819px) 100vw, 819px\" \/><\/figure>\n\n\n\n<p>A nova temporada do <strong>PodCats<\/strong> ir\u00e1 oficialmente no ar hoje \u2014 e quem comanda essa volta triunfal \u00e9 ela, <strong>Camila Loures<\/strong>, uma das maiores refer\u00eancias da internet brasileira.<\/p>\n\n\n\n<p>Com seu carisma inconfund\u00edvel e uma bagagem de sucessos digitais, Camila lidera mais uma fase do podcast que virou fen\u00f4meno nacional. Dentro de um um cen\u00e1rio repaginado e com uma proposta ainda mais ousada, o PodCats retorna com tudo para entregar <strong>entretenimento, opini\u00e3o e protagonismo feminino<\/strong> em cada epis\u00f3dio.<\/p>\n\n\n\n<p>A estreia j\u00e1 chega com um convidado de peso, daqueles que movimentam a internet e levantam conversas importantes \u2014 sempre com a leveza, a espontaneidade e o alto astral que s\u00e3o marcas registradas do programa.<\/p>\n\n\n\n<p>Essa nova fase do PodCats promete mergulhar em assuntos quentes, explorar novos formatos e trazer ainda mais verdade para as conversas que todo mundo quer ouvir. \u00c9 sobre isso: conex\u00e3o real com quem est\u00e1 do outro lado da tela.<\/p>\n\n\n\n<p>O primeiro epis\u00f3dio estar\u00e1 ao vivo e dispon\u00edvel no YouTube, no canal do <a href=\"https:\/\/www.youtube.com\/@podcats\/featured\">PodCats<\/a> hoje! <\/p>\n\n\n\n<p>Siga o @<a href=\"http:\/\/instagram.com\/podcats\">PodCats<\/a> no Instagram e fique por dentro de todas as novidades da temporada com <strong>Camila Loures<\/strong> no comando!<\/p>\n\n\n\n<p><\/p>\n\n\n\n<p>E j\u00e1 sabe, n\u00e9? Aqui no <a href=\"https:\/\/brasileradigital.com.br\/index.php\/blog\/\">BLOG DA BRA<\/a> voc\u00ea estar\u00e1 por dentro de tudo o que acontece com nossos talentos@<\/p>\n\n\n\n<p><\/p>\n\n\n\n<p><\/p>\n\n\n\n<p>Escrito por: Rairla Rodrigues<\/p>\n\n\n\n<p>Assistente de Marketing Brasilera<\/p>\n\n\n\n<p>24\/04\/2025<\/p>\n\n\n\n<p><\/p>\n","protected":false},"excerpt":{"rendered":"<p>Camila Loures d\u00e1 o start na nova temporada do PodCats com mais pot\u00eancia, personalidade e convidados bomb\u00e1sticos! A nova temporada do PodCats ir\u00e1 oficialmente no ar hoje \u2014 e quem comanda essa volta triunfal \u00e9 ela, Camila Loures, uma das maiores refer\u00eancias da internet brasileira. Com seu carisma inconfund\u00edvel e uma bagagem de sucessos digitais, Camila lidera mais uma fase do podcast que virou fen\u00f4meno nacional. Dentro de um um cen\u00e1rio repaginado e com uma proposta ainda mais ousada, o PodCats retorna com tudo para entregar entretenimento, opini\u00e3o e protagonismo feminino em cada epis\u00f3dio. A estreia j\u00e1 chega com um convidado de peso, daqueles que movimentam a internet e levantam conversas importantes \u2014 sempre com a leveza, a espontaneidade e o alto astral que s\u00e3o marcas registradas do programa. Essa nova fase do PodCats promete mergulhar em assuntos quentes, explorar novos formatos e trazer ainda mais verdade para as conversas que todo mundo quer ouvir. \u00c9 sobre isso: conex\u00e3o real com quem est\u00e1 do outro lado da tela. O primeiro epis\u00f3dio estar\u00e1 ao vivo e dispon\u00edvel no YouTube, no canal do PodCats hoje! Siga o @PodCats no Instagram e fique por dentro de todas as novidades da temporada com Camila Loures no comando! E j\u00e1 sabe, n\u00e9? Aqui no BLOG DA BRA voc\u00ea estar\u00e1 por dentro de tudo o que acontece com nossos talentos@ Escrito por: Rairla Rodrigues Assistente de Marketing Brasilera 24\/04\/2025<\/p>\n","protected":false},"author":1,"featured_media":1737,"comment_status":"open","ping_status":"open","sticky":false,"template":"","format":"standard","meta":{"footnotes":""},"categories":[31,30],"tags":[],"class_list":["post-1736","post","type-post","status-publish","format-standard","has-post-thumbnail","hentry","category-camila-loures","category-podcats"],"yoast_head":"<!-- This site is optimized with the Yoast SEO plugin v24.7 - https:\/\/yoast.com\/wordpress\/plugins\/seo\/ -->\n<title>Nova Temporada PodCats Camila Loures - Brasilera Digital<\/title>\n<meta name=\"description\" content=\"Camila Loures estreia nova temporada do PodCats com cen\u00e1rio renovado, convidados de peso e conversas ainda mais aut\u00eanticas. Assista agora!\" \/>\n<meta name=\"robots\" content=\"index, follow, max-snippet:-1, max-image-preview:large, max-video-preview:-1\" \/>\n<link rel=\"canonical\" href=\"https:\/\/brasileradigital.com.br\/index.php\/2025\/04\/24\/nova-temporada-podcats-camila-loures\/\" \/>\n<meta property=\"og:locale\" content=\"pt_BR\" \/>\n<meta property=\"og:type\" content=\"article\" \/>\n<meta property=\"og:title\" content=\"Nova Temporada PodCats Camila Loures - Brasilera Digital\" \/>\n<meta property=\"og:description\" content=\"Camila Loures estreia nova temporada do PodCats com cen\u00e1rio renovado, convidados de peso e conversas ainda mais aut\u00eanticas. Assista agora!\" \/>\n<meta property=\"og:url\" content=\"https:\/\/brasileradigital.com.br\/index.php\/2025\/04\/24\/nova-temporada-podcats-camila-loures\/\" \/>\n<meta property=\"og:site_name\" content=\"Brasilera Digital\" \/>\n<meta property=\"article:published_time\" content=\"2025-04-24T21:04:45+00:00\" \/>\n<meta property=\"og:image\" content=\"https:\/\/brasileradigital.com.br\/wp-content\/uploads\/2025\/04\/ESSE-E-819x1024.png\" \/>\n\t<meta property=\"og:image:width\" content=\"819\" \/>\n\t<meta property=\"og:image:height\" content=\"1024\" \/>\n\t<meta property=\"og:image:type\" content=\"image\/png\" \/>\n<meta name=\"author\" content=\"ply\" \/>\n<meta name=\"twitter:card\" content=\"summary_large_image\" \/>\n<meta name=\"twitter:label1\" content=\"Escrito por\" \/>\n\t<meta name=\"twitter:data1\" content=\"ply\" \/>\n\t<meta name=\"twitter:label2\" content=\"Est. tempo de leitura\" \/>\n\t<meta name=\"twitter:data2\" content=\"2 minutos\" \/>\n<script type=\"application\/ld+json\" class=\"yoast-schema-graph\">{\"@context\":\"https:\/\/schema.org\",\"@graph\":[{\"@type\":\"WebPage\",\"@id\":\"https:\/\/brasileradigital.com.br\/index.php\/2025\/04\/24\/nova-temporada-podcats-camila-loures\/\",\"url\":\"https:\/\/brasileradigital.com.br\/index.php\/2025\/04\/24\/nova-temporada-podcats-camila-loures\/\",\"name\":\"Nova Temporada PodCats Camila Loures - Brasilera Digital\",\"isPartOf\":{\"@id\":\"https:\/\/brasileradigital.com.br\/#website\"},\"primaryImageOfPage\":{\"@id\":\"https:\/\/brasileradigital.com.br\/index.php\/2025\/04\/24\/nova-temporada-podcats-camila-loures\/#primaryimage\"},\"image\":{\"@id\":\"https:\/\/brasileradigital.com.br\/index.php\/2025\/04\/24\/nova-temporada-podcats-camila-loures\/#primaryimage\"},\"thumbnailUrl\":\"https:\/\/brasileradigital.com.br\/wp-content\/uploads\/2025\/04\/ESSE-E.png\",\"datePublished\":\"2025-04-24T21:04:45+00:00\",\"author\":{\"@id\":\"https:\/\/brasileradigital.com.br\/#\/schema\/person\/15253c164598c50d28583ad27b83a155\"},\"description\":\"Camila Loures estreia nova temporada do PodCats com cen\u00e1rio renovado, convidados de peso e conversas ainda mais aut\u00eanticas. Assista agora!\",\"breadcrumb\":{\"@id\":\"https:\/\/brasileradigital.com.br\/index.php\/2025\/04\/24\/nova-temporada-podcats-camila-loures\/#breadcrumb\"},\"inLanguage\":\"pt-BR\",\"potentialAction\":[{\"@type\":\"ReadAction\",\"target\":[\"https:\/\/brasileradigital.com.br\/index.php\/2025\/04\/24\/nova-temporada-podcats-camila-loures\/\"]}]},{\"@type\":\"ImageObject\",\"inLanguage\":\"pt-BR\",\"@id\":\"https:\/\/brasileradigital.com.br\/index.php\/2025\/04\/24\/nova-temporada-podcats-camila-loures\/#primaryimage\",\"url\":\"https:\/\/brasileradigital.com.br\/wp-content\/uploads\/2025\/04\/ESSE-E.png\",\"contentUrl\":\"https:\/\/brasileradigital.com.br\/wp-content\/uploads\/2025\/04\/ESSE-E.png\",\"width\":3375,\"height\":4219,\"caption\":\"CAMILA LOURES PODCATS\"},{\"@type\":\"BreadcrumbList\",\"@id\":\"https:\/\/brasileradigital.com.br\/index.php\/2025\/04\/24\/nova-temporada-podcats-camila-loures\/#breadcrumb\",\"itemListElement\":[{\"@type\":\"ListItem\",\"position\":1,\"name\":\"In\u00edcio\",\"item\":\"https:\/\/brasileradigital.com.br\/\"},{\"@type\":\"ListItem\",\"position\":2,\"name\":\"ESTREIA DA NOVA TEMPORADA DO PODCATS\"}]},{\"@type\":\"WebSite\",\"@id\":\"https:\/\/brasileradigital.com.br\/#website\",\"url\":\"https:\/\/brasileradigital.com.br\/\",\"name\":\"Brasilera Digital\",\"description\":\"\",\"alternateName\":\"Brasilera Digital\",\"potentialAction\":[{\"@type\":\"SearchAction\",\"target\":{\"@type\":\"EntryPoint\",\"urlTemplate\":\"https:\/\/brasileradigital.com.br\/?s={search_term_string}\"},\"query-input\":{\"@type\":\"PropertyValueSpecification\",\"valueRequired\":true,\"valueName\":\"search_term_string\"}}],\"inLanguage\":\"pt-BR\"},{\"@type\":\"Person\",\"@id\":\"https:\/\/brasileradigital.com.br\/#\/schema\/person\/15253c164598c50d28583ad27b83a155\",\"name\":\"ply\",\"image\":{\"@type\":\"ImageObject\",\"inLanguage\":\"pt-BR\",\"@id\":\"https:\/\/brasileradigital.com.br\/#\/schema\/person\/image\/\",\"url\":\"https:\/\/secure.gravatar.com\/avatar\/53e1a40cf3918092a73d3be8e976f1f3?s=96&d=mm&r=g\",\"contentUrl\":\"https:\/\/secure.gravatar.com\/avatar\/53e1a40cf3918092a73d3be8e976f1f3?s=96&d=mm&r=g\",\"caption\":\"ply\"},\"sameAs\":[\"https:\/\/brasileradigital.com.br\"],\"url\":\"https:\/\/brasileradigital.com.br\/index.php\/author\/ply\/\"}]}<\/script>\n<!-- \/ Yoast SEO plugin. -->","yoast_head_json":{"title":"Nova Temporada PodCats Camila Loures - Brasilera Digital","description":"Camila Loures estreia nova temporada do PodCats com cen\u00e1rio renovado, convidados de peso e conversas ainda mais aut\u00eanticas. Assista agora!","robots":{"index":"index","follow":"follow","max-snippet":"max-snippet:-1","max-image-preview":"max-image-preview:large","max-video-preview":"max-video-preview:-1"},"canonical":"https:\/\/brasileradigital.com.br\/index.php\/2025\/04\/24\/nova-temporada-podcats-camila-loures\/","og_locale":"pt_BR","og_type":"article","og_title":"Nova Temporada PodCats Camila Loures - Brasilera Digital","og_description":"Camila Loures estreia nova temporada do PodCats com cen\u00e1rio renovado, convidados de peso e conversas ainda mais aut\u00eanticas. Assista agora!","og_url":"https:\/\/brasileradigital.com.br\/index.php\/2025\/04\/24\/nova-temporada-podcats-camila-loures\/","og_site_name":"Brasilera Digital","article_published_time":"2025-04-24T21:04:45+00:00","og_image":[{"width":819,"height":1024,"url":"https:\/\/brasileradigital.com.br\/wp-content\/uploads\/2025\/04\/ESSE-E-819x1024.png","type":"image\/png"}],"author":"ply","twitter_card":"summary_large_image","twitter_misc":{"Escrito por":"ply","Est. tempo de leitura":"2 minutos"},"schema":{"@context":"https:\/\/schema.org","@graph":[{"@type":"WebPage","@id":"https:\/\/brasileradigital.com.br\/index.php\/2025\/04\/24\/nova-temporada-podcats-camila-loures\/","url":"https:\/\/brasileradigital.com.br\/index.php\/2025\/04\/24\/nova-temporada-podcats-camila-loures\/","name":"Nova Temporada PodCats Camila Loures - Brasilera Digital","isPartOf":{"@id":"https:\/\/brasileradigital.com.br\/#website"},"primaryImageOfPage":{"@id":"https:\/\/brasileradigital.com.br\/index.php\/2025\/04\/24\/nova-temporada-podcats-camila-loures\/#primaryimage"},"image":{"@id":"https:\/\/brasileradigital.com.br\/index.php\/2025\/04\/24\/nova-temporada-podcats-camila-loures\/#primaryimage"},"thumbnailUrl":"https:\/\/brasileradigital.com.br\/wp-content\/uploads\/2025\/04\/ESSE-E.png","datePublished":"2025-04-24T21:04:45+00:00","author":{"@id":"https:\/\/brasileradigital.com.br\/#\/schema\/person\/15253c164598c50d28583ad27b83a155"},"description":"Camila Loures estreia nova temporada do PodCats com cen\u00e1rio renovado, convidados de peso e conversas ainda mais aut\u00eanticas. Assista agora!","breadcrumb":{"@id":"https:\/\/brasileradigital.com.br\/index.php\/2025\/04\/24\/nova-temporada-podcats-camila-loures\/#breadcrumb"},"inLanguage":"pt-BR","potentialAction":[{"@type":"ReadAction","target":["https:\/\/brasileradigital.com.br\/index.php\/2025\/04\/24\/nova-temporada-podcats-camila-loures\/"]}]},{"@type":"ImageObject","inLanguage":"pt-BR","@id":"https:\/\/brasileradigital.com.br\/index.php\/2025\/04\/24\/nova-temporada-podcats-camila-loures\/#primaryimage","url":"https:\/\/brasileradigital.com.br\/wp-content\/uploads\/2025\/04\/ESSE-E.png","contentUrl":"https:\/\/brasileradigital.com.br\/wp-content\/uploads\/2025\/04\/ESSE-E.png","width":3375,"height":4219,"caption":"CAMILA LOURES PODCATS"},{"@type":"BreadcrumbList","@id":"https:\/\/brasileradigital.com.br\/index.php\/2025\/04\/24\/nova-temporada-podcats-camila-loures\/#breadcrumb","itemListElement":[{"@type":"ListItem","position":1,"name":"In\u00edcio","item":"https:\/\/brasileradigital.com.br\/"},{"@type":"ListItem","position":2,"name":"ESTREIA DA NOVA TEMPORADA DO PODCATS"}]},{"@type":"WebSite","@id":"https:\/\/brasileradigital.com.br\/#website","url":"https:\/\/brasileradigital.com.br\/","name":"Brasilera Digital","description":"","alternateName":"Brasilera Digital","potentialAction":[{"@type":"SearchAction","target":{"@type":"EntryPoint","urlTemplate":"https:\/\/brasileradigital.com.br\/?s={search_term_string}"},"query-input":{"@type":"PropertyValueSpecification","valueRequired":true,"valueName":"search_term_string"}}],"inLanguage":"pt-BR"},{"@type":"Person","@id":"https:\/\/brasileradigital.com.br\/#\/schema\/person\/15253c164598c50d28583ad27b83a155","name":"ply","image":{"@type":"ImageObject","inLanguage":"pt-BR","@id":"https:\/\/brasileradigital.com.br\/#\/schema\/person\/image\/","url":"https:\/\/secure.gravatar.com\/avatar\/53e1a40cf3918092a73d3be8e976f1f3?s=96&d=mm&r=g","contentUrl":"https:\/\/secure.gravatar.com\/avatar\/53e1a40cf3918092a73d3be8e976f1f3?s=96&d=mm&r=g","caption":"ply"},"sameAs":["https:\/\/brasileradigital.com.br"],"url":"https:\/\/brasileradigital.com.br\/index.php\/author\/ply\/"}]}},"_links":{"self":[{"href":"https:\/\/brasileradigital.com.br\/index.php\/wp-json\/wp\/v2\/posts\/1736","targetHints":{"allow":["GET"]}}],"collection":[{"href":"https:\/\/brasileradigital.com.br\/index.php\/wp-json\/wp\/v2\/posts"}],"about":[{"href":"https:\/\/brasileradigital.com.br\/index.php\/wp-json\/wp\/v2\/types\/post"}],"author":[{"embeddable":true,"href":"https:\/\/brasileradigital.com.br\/index.php\/wp-json\/wp\/v2\/users\/1"}],"replies":[{"embeddable":true,"href":"https:\/\/brasileradigital.com.br\/index.php\/wp-json\/wp\/v2\/comments?post=1736"}],"version-history":[{"count":1,"href":"https:\/\/brasileradigital.com.br\/index.php\/wp-json\/wp\/v2\/posts\/1736\/revisions"}],"predecessor-version":[{"id":1738,"href":"https:\/\/brasileradigital.com.br\/index.php\/wp-json\/wp\/v2\/posts\/1736\/revisions\/1738"}],"wp:featuredmedia":[{"embeddable":true,"href":"https:\/\/brasileradigital.com.br\/index.php\/wp-json\/wp\/v2\/media\/1737"}],"wp:attachment":[{"href":"https:\/\/brasileradigital.com.br\/index.php\/wp-json\/wp\/v2\/media?parent=1736"}],"wp:term":[{"taxonomy":"category","embeddable":true,"href":"https:\/\/brasileradigital.com.br\/index.php\/wp-json\/wp\/v2\/categories?post=1736"},{"taxonomy":"post_tag","embeddable":true,"href":"https:\/\/brasileradigital.com.br\/index.php\/wp-json\/wp\/v2\/tags?post=1736"}],"curies":[{"name":"wp","href":"https:\/\/api.w.org\/{rel}","templated":true}]}}