{"id":1739,"date":"2025-04-29T13:49:25","date_gmt":"2025-04-29T16:49:25","guid":{"rendered":"https:\/\/brasileradigital.com.br\/?p=1739"},"modified":"2025-04-29T13:49:25","modified_gmt":"2025-04-29T16:49:25","slug":"eita-lucas-praia-grande-ze-vaqueiro","status":"publish","type":"post","link":"https:\/\/brasileradigital.com.br\/index.php\/2025\/04\/29\/eita-lucas-praia-grande-ze-vaqueiro\/","title":{"rendered":"Eita Lucas Agita Praia Grande com Z\u00e9 Vaqueiro e Lucas Por Ai"},"content":{"rendered":"\n<figure class=\"wp-block-image size-large is-resized\"><img fetchpriority=\"high\" decoding=\"async\" width=\"819\" height=\"1024\" src=\"https:\/\/brasileradigital.com.br\/wp-content\/uploads\/2025\/04\/ESSE-E-1-819x1024.png\" alt=\"eita lucas com z\u00e9 vaqueiro \" class=\"wp-image-1740\" style=\"width:296px;height:auto\" srcset=\"https:\/\/brasileradigital.com.br\/wp-content\/uploads\/2025\/04\/ESSE-E-1-819x1024.png 819w, https:\/\/brasileradigital.com.br\/wp-content\/uploads\/2025\/04\/ESSE-E-1-240x300.png 240w, https:\/\/brasileradigital.com.br\/wp-content\/uploads\/2025\/04\/ESSE-E-1-768x960.png 768w, https:\/\/brasileradigital.com.br\/wp-content\/uploads\/2025\/04\/ESSE-E-1-1229x1536.png 1229w, https:\/\/brasileradigital.com.br\/wp-content\/uploads\/2025\/04\/ESSE-E-1-1638x2048.png 1638w\" sizes=\"(max-width: 819px) 100vw, 819px\" \/><\/figure>\n\n\n\n<p>Prepare-se para uma dose de alegria e emo\u00e7\u00e3o direto da Praia Grande! O programa &#8220;Eita Lucas&#8221; chegou com tudo, trazendo convidados especiais e hist\u00f3rias inspiradoras que aquecem o cora\u00e7\u00e3o. E para agitar ainda mais o litoral paulista, o fen\u00f4meno <strong>Z\u00e9 Vaqueiro<\/strong> marcou presen\u00e7a, cantando seus maiores sucessos e contagiando a plateia com seu ritmo inconfund\u00edvel. F\u00e3s de <strong>m\u00fasica sertaneja<\/strong> e admiradores do cantor n\u00e3o podem perder os melhores momentos dessa apresenta\u00e7\u00e3o!<\/p>\n\n\n\n<p>Mas a energia do &#8220;Eita Lucas&#8221; n\u00e3o para por a\u00ed! O quadro &#8220;Lucas Por A\u00ed&#8221; nos apresentou a emocionante jornada de Edu Bonecos, um artista de rua com uma hist\u00f3ria de supera\u00e7\u00e3o incr\u00edvel. Atrav\u00e9s da <strong>dan\u00e7a<\/strong> e seus <strong>bonecos<\/strong>, Edu encanta a todos, e Lucas e sua equipe embarcaram em uma miss\u00e3o especial para ajud\u00e1-lo a transformar sua vida. Acompanhe os desafios e a corrente de solidariedade que se formou em Praia Grande!<\/p>\n\n\n\n<p>E para quem gosta de um bom desafio musical com uma pitada de suspense, o quadro &#8220;Chuveiro ou Dinheiro&#8221; agitou o p\u00fablico! Talentos locais mostraram suas vozes, e a decis\u00e3o final ficou nas m\u00e3os dos jurados e da plateia: pr\u00eamio em dinheiro ou um banho refrescante? A competi\u00e7\u00e3o foi acirrada, com <strong>m\u00fasica ao vivo<\/strong> e muita divers\u00e3o garantida.<\/p>\n\n\n\n<p><strong>Praia Grande<\/strong> se tornou palco de um encontro inesquec\u00edvel de m\u00fasica, hist\u00f3rias de vida e solidariedade. Se voc\u00ea busca <strong>entretenimento de qualidade<\/strong> e se emocionar com gestos de apoio, n\u00e3o deixe de conferir os melhores momentos do &#8220;Eita Lucas&#8221; com Z\u00e9 Vaqueiro e a inspiradora hist\u00f3ria de Edu Bonecos!<\/p>\n\n\n\n<p><a href=\"https:\/\/www.youtube.com\/watch?v=t695z1b_iMw&amp;t=774s\">Acompanhe o epis\u00f3dio desse quadro do Eita Lucas clicando aqui!<\/a><\/p>\n\n\n\n<p><a href=\"https:\/\/brasileradigital.com.br\/index.php\/blog\/\">Visite o nosso blog.<\/a><\/p>\n\n\n\n<p><strong>#EitaLucas #PraiaGrande #Z\u00e9Vaqueiro #M\u00fasicaSertaneja #Entretenimento #Solidariedade #Hist\u00f3riasInspiradoras #BrasilRaftingAventura #BRA<\/strong><\/p>\n\n\n\n<p>Escrito por Rairla Rodrigues, Assistente de Marketing Brasilera<\/p>\n\n\n\n<p>29\/04\/2025<\/p>\n","protected":false},"excerpt":{"rendered":"<p>Prepare-se para uma dose de alegria e emo\u00e7\u00e3o direto da Praia Grande! O programa &#8220;Eita Lucas&#8221; chegou com tudo, trazendo convidados especiais e hist\u00f3rias inspiradoras que aquecem o cora\u00e7\u00e3o. E para agitar ainda mais o litoral paulista, o fen\u00f4meno Z\u00e9 Vaqueiro marcou presen\u00e7a, cantando seus maiores sucessos e contagiando a plateia com seu ritmo inconfund\u00edvel. F\u00e3s de m\u00fasica sertaneja e admiradores do cantor n\u00e3o podem perder os melhores momentos dessa apresenta\u00e7\u00e3o! Mas a energia do &#8220;Eita Lucas&#8221; n\u00e3o para por a\u00ed! O quadro &#8220;Lucas Por A\u00ed&#8221; nos apresentou a emocionante jornada de Edu Bonecos, um artista de rua com uma hist\u00f3ria de supera\u00e7\u00e3o incr\u00edvel. Atrav\u00e9s da dan\u00e7a e seus bonecos, Edu encanta a todos, e Lucas e sua equipe embarcaram em uma miss\u00e3o especial para ajud\u00e1-lo a transformar sua vida. Acompanhe os desafios e a corrente de solidariedade que se formou em Praia Grande! E para quem gosta de um bom desafio musical com uma pitada de suspense, o quadro &#8220;Chuveiro ou Dinheiro&#8221; agitou o p\u00fablico! Talentos locais mostraram suas vozes, e a decis\u00e3o final ficou nas m\u00e3os dos jurados e da plateia: pr\u00eamio em dinheiro ou um banho refrescante? A competi\u00e7\u00e3o foi acirrada, com m\u00fasica ao vivo e muita divers\u00e3o garantida. Praia Grande se tornou palco de um encontro inesquec\u00edvel de m\u00fasica, hist\u00f3rias de vida e solidariedade. Se voc\u00ea busca entretenimento de qualidade e se emocionar com gestos de apoio, n\u00e3o deixe de conferir os melhores momentos do &#8220;Eita Lucas&#8221; com Z\u00e9 Vaqueiro e a inspiradora hist\u00f3ria de Edu Bonecos! Acompanhe o epis\u00f3dio desse quadro do Eita Lucas clicando aqui! Visite o nosso blog. #EitaLucas #PraiaGrande #Z\u00e9Vaqueiro #M\u00fasicaSertaneja #Entretenimento #Solidariedade #Hist\u00f3riasInspiradoras #BrasilRaftingAventura #BRA Escrito por Rairla Rodrigues, Assistente de Marketing Brasilera 29\/04\/2025<\/p>\n","protected":false},"author":1,"featured_media":1740,"comment_status":"open","ping_status":"open","sticky":false,"template":"","format":"standard","meta":{"footnotes":""},"categories":[1],"tags":[],"class_list":["post-1739","post","type-post","status-publish","format-standard","has-post-thumbnail","hentry","category-sem-categoria"],"yoast_head":"<!-- This site is optimized with the Yoast SEO plugin v24.7 - https:\/\/yoast.com\/wordpress\/plugins\/seo\/ -->\n<title>Eita Lucas agita Praia Grande com Z\u00e9 Vaqueiro! - Brasilera Digital<\/title>\n<meta name=\"description\" content=\"Veja como o programa Eita Lucas agitou Praia Grande com a participa\u00e7\u00e3o especial de Z\u00e9 Vaqueiro e emocionantes hist\u00f3rias de solidariedade.\" \/>\n<meta name=\"robots\" content=\"index, follow, max-snippet:-1, max-image-preview:large, max-video-preview:-1\" \/>\n<link rel=\"canonical\" href=\"https:\/\/brasileradigital.com.br\/index.php\/2025\/04\/29\/eita-lucas-praia-grande-ze-vaqueiro\/\" \/>\n<meta property=\"og:locale\" content=\"pt_BR\" \/>\n<meta property=\"og:type\" content=\"article\" \/>\n<meta property=\"og:title\" content=\"Eita Lucas agita Praia Grande com Z\u00e9 Vaqueiro! - Brasilera Digital\" \/>\n<meta property=\"og:description\" content=\"Veja como o programa Eita Lucas agitou Praia Grande com a participa\u00e7\u00e3o especial de Z\u00e9 Vaqueiro e emocionantes hist\u00f3rias de solidariedade.\" \/>\n<meta property=\"og:url\" content=\"https:\/\/brasileradigital.com.br\/index.php\/2025\/04\/29\/eita-lucas-praia-grande-ze-vaqueiro\/\" \/>\n<meta property=\"og:site_name\" content=\"Brasilera Digital\" \/>\n<meta property=\"article:published_time\" content=\"2025-04-29T16:49:25+00:00\" \/>\n<meta property=\"og:image\" content=\"https:\/\/brasileradigital.com.br\/wp-content\/uploads\/2025\/04\/ESSE-E-1-819x1024.png\" \/>\n\t<meta property=\"og:image:width\" content=\"819\" \/>\n\t<meta property=\"og:image:height\" content=\"1024\" \/>\n\t<meta property=\"og:image:type\" content=\"image\/png\" \/>\n<meta name=\"author\" content=\"ply\" \/>\n<meta name=\"twitter:card\" content=\"summary_large_image\" \/>\n<meta name=\"twitter:label1\" content=\"Escrito por\" \/>\n\t<meta name=\"twitter:data1\" content=\"ply\" \/>\n\t<meta name=\"twitter:label2\" content=\"Est. tempo de leitura\" \/>\n\t<meta name=\"twitter:data2\" content=\"2 minutos\" \/>\n<script type=\"application\/ld+json\" class=\"yoast-schema-graph\">{\"@context\":\"https:\/\/schema.org\",\"@graph\":[{\"@type\":\"WebPage\",\"@id\":\"https:\/\/brasileradigital.com.br\/index.php\/2025\/04\/29\/eita-lucas-praia-grande-ze-vaqueiro\/\",\"url\":\"https:\/\/brasileradigital.com.br\/index.php\/2025\/04\/29\/eita-lucas-praia-grande-ze-vaqueiro\/\",\"name\":\"Eita Lucas agita Praia Grande com Z\u00e9 Vaqueiro! - Brasilera Digital\",\"isPartOf\":{\"@id\":\"https:\/\/brasileradigital.com.br\/#website\"},\"primaryImageOfPage\":{\"@id\":\"https:\/\/brasileradigital.com.br\/index.php\/2025\/04\/29\/eita-lucas-praia-grande-ze-vaqueiro\/#primaryimage\"},\"image\":{\"@id\":\"https:\/\/brasileradigital.com.br\/index.php\/2025\/04\/29\/eita-lucas-praia-grande-ze-vaqueiro\/#primaryimage\"},\"thumbnailUrl\":\"https:\/\/brasileradigital.com.br\/wp-content\/uploads\/2025\/04\/ESSE-E-1.png\",\"datePublished\":\"2025-04-29T16:49:25+00:00\",\"author\":{\"@id\":\"https:\/\/brasileradigital.com.br\/#\/schema\/person\/15253c164598c50d28583ad27b83a155\"},\"description\":\"Veja como o programa Eita Lucas agitou Praia Grande com a participa\u00e7\u00e3o especial de Z\u00e9 Vaqueiro e emocionantes hist\u00f3rias de solidariedade.\",\"breadcrumb\":{\"@id\":\"https:\/\/brasileradigital.com.br\/index.php\/2025\/04\/29\/eita-lucas-praia-grande-ze-vaqueiro\/#breadcrumb\"},\"inLanguage\":\"pt-BR\",\"potentialAction\":[{\"@type\":\"ReadAction\",\"target\":[\"https:\/\/brasileradigital.com.br\/index.php\/2025\/04\/29\/eita-lucas-praia-grande-ze-vaqueiro\/\"]}]},{\"@type\":\"ImageObject\",\"inLanguage\":\"pt-BR\",\"@id\":\"https:\/\/brasileradigital.com.br\/index.php\/2025\/04\/29\/eita-lucas-praia-grande-ze-vaqueiro\/#primaryimage\",\"url\":\"https:\/\/brasileradigital.com.br\/wp-content\/uploads\/2025\/04\/ESSE-E-1.png\",\"contentUrl\":\"https:\/\/brasileradigital.com.br\/wp-content\/uploads\/2025\/04\/ESSE-E-1.png\",\"width\":3240,\"height\":4050,\"caption\":\"eita lucas com z\u00e9 vaqueiro\"},{\"@type\":\"BreadcrumbList\",\"@id\":\"https:\/\/brasileradigital.com.br\/index.php\/2025\/04\/29\/eita-lucas-praia-grande-ze-vaqueiro\/#breadcrumb\",\"itemListElement\":[{\"@type\":\"ListItem\",\"position\":1,\"name\":\"In\u00edcio\",\"item\":\"https:\/\/brasileradigital.com.br\/\"},{\"@type\":\"ListItem\",\"position\":2,\"name\":\"Eita Lucas Agita Praia Grande com Z\u00e9 Vaqueiro e Lucas Por Ai\"}]},{\"@type\":\"WebSite\",\"@id\":\"https:\/\/brasileradigital.com.br\/#website\",\"url\":\"https:\/\/brasileradigital.com.br\/\",\"name\":\"Brasilera Digital\",\"description\":\"\",\"alternateName\":\"Brasilera Digital\",\"potentialAction\":[{\"@type\":\"SearchAction\",\"target\":{\"@type\":\"EntryPoint\",\"urlTemplate\":\"https:\/\/brasileradigital.com.br\/?s={search_term_string}\"},\"query-input\":{\"@type\":\"PropertyValueSpecification\",\"valueRequired\":true,\"valueName\":\"search_term_string\"}}],\"inLanguage\":\"pt-BR\"},{\"@type\":\"Person\",\"@id\":\"https:\/\/brasileradigital.com.br\/#\/schema\/person\/15253c164598c50d28583ad27b83a155\",\"name\":\"ply\",\"image\":{\"@type\":\"ImageObject\",\"inLanguage\":\"pt-BR\",\"@id\":\"https:\/\/brasileradigital.com.br\/#\/schema\/person\/image\/\",\"url\":\"https:\/\/secure.gravatar.com\/avatar\/53e1a40cf3918092a73d3be8e976f1f3?s=96&d=mm&r=g\",\"contentUrl\":\"https:\/\/secure.gravatar.com\/avatar\/53e1a40cf3918092a73d3be8e976f1f3?s=96&d=mm&r=g\",\"caption\":\"ply\"},\"sameAs\":[\"https:\/\/brasileradigital.com.br\"],\"url\":\"https:\/\/brasileradigital.com.br\/index.php\/author\/ply\/\"}]}<\/script>\n<!-- \/ Yoast SEO plugin. -->","yoast_head_json":{"title":"Eita Lucas agita Praia Grande com Z\u00e9 Vaqueiro! - Brasilera Digital","description":"Veja como o programa Eita Lucas agitou Praia Grande com a participa\u00e7\u00e3o especial de Z\u00e9 Vaqueiro e emocionantes hist\u00f3rias de solidariedade.","robots":{"index":"index","follow":"follow","max-snippet":"max-snippet:-1","max-image-preview":"max-image-preview:large","max-video-preview":"max-video-preview:-1"},"canonical":"https:\/\/brasileradigital.com.br\/index.php\/2025\/04\/29\/eita-lucas-praia-grande-ze-vaqueiro\/","og_locale":"pt_BR","og_type":"article","og_title":"Eita Lucas agita Praia Grande com Z\u00e9 Vaqueiro! - Brasilera Digital","og_description":"Veja como o programa Eita Lucas agitou Praia Grande com a participa\u00e7\u00e3o especial de Z\u00e9 Vaqueiro e emocionantes hist\u00f3rias de solidariedade.","og_url":"https:\/\/brasileradigital.com.br\/index.php\/2025\/04\/29\/eita-lucas-praia-grande-ze-vaqueiro\/","og_site_name":"Brasilera Digital","article_published_time":"2025-04-29T16:49:25+00:00","og_image":[{"width":819,"height":1024,"url":"https:\/\/brasileradigital.com.br\/wp-content\/uploads\/2025\/04\/ESSE-E-1-819x1024.png","type":"image\/png"}],"author":"ply","twitter_card":"summary_large_image","twitter_misc":{"Escrito por":"ply","Est. tempo de leitura":"2 minutos"},"schema":{"@context":"https:\/\/schema.org","@graph":[{"@type":"WebPage","@id":"https:\/\/brasileradigital.com.br\/index.php\/2025\/04\/29\/eita-lucas-praia-grande-ze-vaqueiro\/","url":"https:\/\/brasileradigital.com.br\/index.php\/2025\/04\/29\/eita-lucas-praia-grande-ze-vaqueiro\/","name":"Eita Lucas agita Praia Grande com Z\u00e9 Vaqueiro! - Brasilera Digital","isPartOf":{"@id":"https:\/\/brasileradigital.com.br\/#website"},"primaryImageOfPage":{"@id":"https:\/\/brasileradigital.com.br\/index.php\/2025\/04\/29\/eita-lucas-praia-grande-ze-vaqueiro\/#primaryimage"},"image":{"@id":"https:\/\/brasileradigital.com.br\/index.php\/2025\/04\/29\/eita-lucas-praia-grande-ze-vaqueiro\/#primaryimage"},"thumbnailUrl":"https:\/\/brasileradigital.com.br\/wp-content\/uploads\/2025\/04\/ESSE-E-1.png","datePublished":"2025-04-29T16:49:25+00:00","author":{"@id":"https:\/\/brasileradigital.com.br\/#\/schema\/person\/15253c164598c50d28583ad27b83a155"},"description":"Veja como o programa Eita Lucas agitou Praia Grande com a participa\u00e7\u00e3o especial de Z\u00e9 Vaqueiro e emocionantes hist\u00f3rias de solidariedade.","breadcrumb":{"@id":"https:\/\/brasileradigital.com.br\/index.php\/2025\/04\/29\/eita-lucas-praia-grande-ze-vaqueiro\/#breadcrumb"},"inLanguage":"pt-BR","potentialAction":[{"@type":"ReadAction","target":["https:\/\/brasileradigital.com.br\/index.php\/2025\/04\/29\/eita-lucas-praia-grande-ze-vaqueiro\/"]}]},{"@type":"ImageObject","inLanguage":"pt-BR","@id":"https:\/\/brasileradigital.com.br\/index.php\/2025\/04\/29\/eita-lucas-praia-grande-ze-vaqueiro\/#primaryimage","url":"https:\/\/brasileradigital.com.br\/wp-content\/uploads\/2025\/04\/ESSE-E-1.png","contentUrl":"https:\/\/brasileradigital.com.br\/wp-content\/uploads\/2025\/04\/ESSE-E-1.png","width":3240,"height":4050,"caption":"eita lucas com z\u00e9 vaqueiro"},{"@type":"BreadcrumbList","@id":"https:\/\/brasileradigital.com.br\/index.php\/2025\/04\/29\/eita-lucas-praia-grande-ze-vaqueiro\/#breadcrumb","itemListElement":[{"@type":"ListItem","position":1,"name":"In\u00edcio","item":"https:\/\/brasileradigital.com.br\/"},{"@type":"ListItem","position":2,"name":"Eita Lucas Agita Praia Grande com Z\u00e9 Vaqueiro e Lucas Por Ai"}]},{"@type":"WebSite","@id":"https:\/\/brasileradigital.com.br\/#website","url":"https:\/\/brasileradigital.com.br\/","name":"Brasilera Digital","description":"","alternateName":"Brasilera Digital","potentialAction":[{"@type":"SearchAction","target":{"@type":"EntryPoint","urlTemplate":"https:\/\/brasileradigital.com.br\/?s={search_term_string}"},"query-input":{"@type":"PropertyValueSpecification","valueRequired":true,"valueName":"search_term_string"}}],"inLanguage":"pt-BR"},{"@type":"Person","@id":"https:\/\/brasileradigital.com.br\/#\/schema\/person\/15253c164598c50d28583ad27b83a155","name":"ply","image":{"@type":"ImageObject","inLanguage":"pt-BR","@id":"https:\/\/brasileradigital.com.br\/#\/schema\/person\/image\/","url":"https:\/\/secure.gravatar.com\/avatar\/53e1a40cf3918092a73d3be8e976f1f3?s=96&d=mm&r=g","contentUrl":"https:\/\/secure.gravatar.com\/avatar\/53e1a40cf3918092a73d3be8e976f1f3?s=96&d=mm&r=g","caption":"ply"},"sameAs":["https:\/\/brasileradigital.com.br"],"url":"https:\/\/brasileradigital.com.br\/index.php\/author\/ply\/"}]}},"_links":{"self":[{"href":"https:\/\/brasileradigital.com.br\/index.php\/wp-json\/wp\/v2\/posts\/1739","targetHints":{"allow":["GET"]}}],"collection":[{"href":"https:\/\/brasileradigital.com.br\/index.php\/wp-json\/wp\/v2\/posts"}],"about":[{"href":"https:\/\/brasileradigital.com.br\/index.php\/wp-json\/wp\/v2\/types\/post"}],"author":[{"embeddable":true,"href":"https:\/\/brasileradigital.com.br\/index.php\/wp-json\/wp\/v2\/users\/1"}],"replies":[{"embeddable":true,"href":"https:\/\/brasileradigital.com.br\/index.php\/wp-json\/wp\/v2\/comments?post=1739"}],"version-history":[{"count":1,"href":"https:\/\/brasileradigital.com.br\/index.php\/wp-json\/wp\/v2\/posts\/1739\/revisions"}],"predecessor-version":[{"id":1741,"href":"https:\/\/brasileradigital.com.br\/index.php\/wp-json\/wp\/v2\/posts\/1739\/revisions\/1741"}],"wp:featuredmedia":[{"embeddable":true,"href":"https:\/\/brasileradigital.com.br\/index.php\/wp-json\/wp\/v2\/media\/1740"}],"wp:attachment":[{"href":"https:\/\/brasileradigital.com.br\/index.php\/wp-json\/wp\/v2\/media?parent=1739"}],"wp:term":[{"taxonomy":"category","embeddable":true,"href":"https:\/\/brasileradigital.com.br\/index.php\/wp-json\/wp\/v2\/categories?post=1739"},{"taxonomy":"post_tag","embeddable":true,"href":"https:\/\/brasileradigital.com.br\/index.php\/wp-json\/wp\/v2\/tags?post=1739"}],"curies":[{"name":"wp","href":"https:\/\/api.w.org\/{rel}","templated":true}]}}